{"id":78680,"date":"2023-08-06T10:06:23","date_gmt":"2023-08-06T13:06:23","guid":{"rendered":"https:\/\/corrientesdetarde.com\/?p=78680"},"modified":"2023-08-06T10:06:35","modified_gmt":"2023-08-06T13:06:35","slug":"depp-vs-heard-la-docuserie-sobre-uno-de-los-casos-que-mas-revoluciono-a-hollywood","status":"publish","type":"post","link":"https:\/\/corrientesdetarde.com\/index.php\/espectaculos\/depp-vs-heard-la-docuserie-sobre-uno-de-los-casos-que-mas-revoluciono-a-hollywood\/","title":{"rendered":"\u201cDepp vs. Heard\u201d, la docuserie sobre uno de los casos que m\u00e1s revolucion\u00f3 a Hollywood"},"content":{"rendered":"\n<p>Netflix presentar\u00e1 una serie documental sobre el caso judicial que involucra a los actores Johnny Depp y Amber Heard.\u00a0<\/p>\n\n\n\n<p>El caso de&nbsp;<strong>Johnny Depp<\/strong>&nbsp;y&nbsp;<strong>Amber Heard<\/strong>&nbsp;revolucion\u00f3 a&nbsp;<strong>Hollywood<\/strong>&nbsp;tras el extenso juicio por difamaci\u00f3n al que se enfrentaron los actores. Tal fue el impacto medi\u00e1tico que caus\u00f3 que se lleg\u00f3 a transmitir por televisi\u00f3n y ahora tendr\u00e1 su propia serie documental en&nbsp;<strong>Netflix<\/strong>.<\/p>\n\n\n\n<p><strong>\u201cHubo m\u00e1s de 200 horas de retransmisi\u00f3n en directo durante el juicio\u201d<\/strong>, anuncia el tr\u00e1iler de la serie y a\u00f1ade:&nbsp;<strong>\u201cMillones de personas lo vieron, comentaron y compartieron\u201d.<\/strong><\/p>\n\n\n\n<p>El pr\u00f3ximo&nbsp;<strong>16 de agosto<\/strong>&nbsp;se estrenar\u00e1<strong>&nbsp;\u201cDepp vs. Heard\u201d<\/strong>&nbsp;en donde se repasar\u00e1n los momentos m\u00e1s pol\u00e9micos ocurridos en el juicio que comenz\u00f3 en abril del 2022 y finaliz\u00f3 en junio. El jurado declar\u00f3 a ambos actores como responsables de difamaci\u00f3n.<\/p>\n\n\n\n<p>Adem\u00e1s de analizar las estrategias judiciales y denuncias que presentaron los actores, el documental har\u00e1 hincapi\u00e9 en el impacto que tuvo el caso en las redes sociales y los seguidores de los actores.<\/p>\n\n\n\n<figure class=\"wp-block-embed is-type-video is-provider-youtube wp-block-embed-youtube wp-embed-aspect-16-9 wp-has-aspect-ratio\"><div class=\"wp-block-embed__wrapper\">\n<iframe loading=\"lazy\" title=\"Depp v. Heard | Official Trailer | Netflix\" width=\"1110\" height=\"624\" src=\"https:\/\/www.youtube.com\/embed\/IfN9F93xr_g?feature=oembed\" frameborder=\"0\" allow=\"accelerometer; autoplay; clipboard-write; encrypted-media; gyroscope; picture-in-picture; web-share\" allowfullscreen><\/iframe>\n<\/div><\/figure>\n\n\n\n<p><strong>\u201cEsta serie compara por primera vez ambos testimonios y explora el juicio que arras\u00f3 con Hollywood y sus repercusiones en las redes sociales\u201d<\/strong>, anuncia la descripci\u00f3n del tr\u00e1iler en Netflix.<\/p>\n\n\n\n<p>Aunque no cuenta con la participaci\u00f3n de Johnny Depp o Amber Heard, el documental promete analizar los momentos m\u00e1s emblem\u00e1ticos del juicio.<\/p>\n\n\n\n<p>El conflicto legal entre Depp y Heard comenz\u00f3 luego de que la actriz publicara un art\u00edculo en&nbsp;<strong>The Washington Post<\/strong>&nbsp;donde aseguraba ser<strong>&nbsp;\u201cfigura p\u00fablica que representa el abuso dom\u00e9stico\u201d<\/strong>. Aunque no mencion\u00f3 a Johnny Depp, quien era su ex esposo, el actor decidi\u00f3 iniciar acciones legales por difamaci\u00f3n.<\/p>\n\n\n\n<p>Finalmente ambos fueron declarados culpables por difamaci\u00f3n y finalmente llegaron a un acuerdo en donde Heard deber\u00e1 pagarle un mill\u00f3n de d\u00f3lares a Depp.<strong>\u00a0El actor asegur\u00f3 que donar\u00e1 parte de ese pago a 5 organizaciones ben\u00e9ficas<\/strong>.<\/p>\n\n\n\n<p><\/p>\n\n\n\n<p><\/p>\n\n\n\n<p><\/p>\n\n\n\n<p><\/p>\n\n\n\n<p><\/p>\n","protected":false},"excerpt":{"rendered":"<p>Netflix presentar\u00e1 una serie documental sobre el caso judicial que involucra a los actores Johnny Depp y Amber Heard.\u00a0 El caso de&nbsp;Johnny Depp&nbsp;y&nbsp;Amber Heard&nbsp;revolucion\u00f3 a&nbsp;Hollywood&nbsp;tras el extenso juicio por difamaci\u00f3n&hellip; <\/p>\n","protected":false},"author":4,"featured_media":78684,"comment_status":"closed","ping_status":"open","sticky":false,"template":"","format":"standard","meta":{"footnotes":""},"categories":[19],"tags":[],"class_list":["post-78680","post","type-post","status-publish","format-standard","has-post-thumbnail","hentry","category-espectaculos"],"_links":{"self":[{"href":"https:\/\/corrientesdetarde.com\/index.php\/wp-json\/wp\/v2\/posts\/78680","targetHints":{"allow":["GET"]}}],"collection":[{"href":"https:\/\/corrientesdetarde.com\/index.php\/wp-json\/wp\/v2\/posts"}],"about":[{"href":"https:\/\/corrientesdetarde.com\/index.php\/wp-json\/wp\/v2\/types\/post"}],"author":[{"embeddable":true,"href":"https:\/\/corrientesdetarde.com\/index.php\/wp-json\/wp\/v2\/users\/4"}],"replies":[{"embeddable":true,"href":"https:\/\/corrientesdetarde.com\/index.php\/wp-json\/wp\/v2\/comments?post=78680"}],"version-history":[{"count":1,"href":"https:\/\/corrientesdetarde.com\/index.php\/wp-json\/wp\/v2\/posts\/78680\/revisions"}],"predecessor-version":[{"id":78685,"href":"https:\/\/corrientesdetarde.com\/index.php\/wp-json\/wp\/v2\/posts\/78680\/revisions\/78685"}],"wp:featuredmedia":[{"embeddable":true,"href":"https:\/\/corrientesdetarde.com\/index.php\/wp-json\/wp\/v2\/media\/78684"}],"wp:attachment":[{"href":"https:\/\/corrientesdetarde.com\/index.php\/wp-json\/wp\/v2\/media?parent=78680"}],"wp:term":[{"taxonomy":"category","embeddable":true,"href":"https:\/\/corrientesdetarde.com\/index.php\/wp-json\/wp\/v2\/categories?post=78680"},{"taxonomy":"post_tag","embeddable":true,"href":"https:\/\/corrientesdetarde.com\/index.php\/wp-json\/wp\/v2\/tags?post=78680"}],"curies":[{"name":"wp","href":"https:\/\/api.w.org\/{rel}","templated":true}]}}