{"id":78695,"date":"2023-08-06T10:50:46","date_gmt":"2023-08-06T13:50:46","guid":{"rendered":"https:\/\/corrientesdetarde.com\/?p=78695"},"modified":"2023-08-06T10:50:58","modified_gmt":"2023-08-06T13:50:58","slug":"la-emotiva-despedida-de-pequi-gracias-por-cuidar-de-todos-los-gendarmes","status":"publish","type":"post","link":"https:\/\/corrientesdetarde.com\/index.php\/nacionales\/la-emotiva-despedida-de-pequi-gracias-por-cuidar-de-todos-los-gendarmes\/","title":{"rendered":"La emotiva despedida de &#8220;Pequi&#8221;: &#8220;Gracias por cuidar de todos los gendarmes&#8221;"},"content":{"rendered":"\n<p>La perra cumpli\u00f3 10 a\u00f1os de servicio en Gendarmer\u00eda y ahora empez\u00f3 su retiro.<\/p>\n\n\n\n<p>&#8220;Queremos informar que finalizamos nuestro servicio y esta es la \u00faltima patrulla de la can Pequi&#8221;, dice un gendarme a trav\u00e9s del sistema de radio desde un veh\u00edculo de la fuerza.<\/p>\n\n\n\n<p>En la imagen se puede ver al integrante de la fuerza acompa\u00f1ado de Pequi, una labradora negra que form\u00f3 parte de Gendarmer\u00eda durante 10 a\u00f1os.<\/p>\n\n\n\n<p>Tras su \u00faltimo operativo, su compa\u00f1ero decidi\u00f3 informar a sus superiores sobre el trabajo realizado y a modo de respuesta, Pequi fue destinataria de un cordial agradecimiento.<\/p>\n\n\n\n<p>&#8220;Este es un comunicado especial para Pequi, Acaba de terminar su \u00faltimo servicio de patrulla. Acaba de empezar su retiro. Gracias por sus 10 a\u00f1os de servicio y por todo su arduo trabajo&#8221;, se escucha decir a un hombre.<\/p>\n\n\n\n<p>&#8220;Gracias por cuidar de todos los gendarmes y por asegurarse de cumplir su misi\u00f3n. Feliz retiro compa\u00f1era&#8221;. Mir\u00e1 el video.<\/p>\n\n\n\n<figure class=\"wp-block-embed is-type-rich is-provider-twitter wp-block-embed-twitter\"><div class=\"wp-block-embed__wrapper\">\n<blockquote class=\"twitter-tweet\" data-width=\"550\" data-dnt=\"true\"><p lang=\"es\" dir=\"ltr\">\ud83d\udc4f\ud83c\udffc\ud83d\ude2d As\u00ed anunciaba un gu\u00eda canino de Gendarmer\u00eda que su compa\u00f1era Pequi realizaba su \u00faltima patrulla, para luego terminar su servicio.<br><br>\ud83d\udde3 &quot;A partir de ahora comienza tu retiro. Gracias por tu arduo trabajo&quot;. le dicen a la can desde otro m\u00f3vil.<a href=\"https:\/\/twitter.com\/hashtag\/rosario3?src=hash&amp;ref_src=twsrc%5Etfw\">#rosario3<\/a> <a href=\"https:\/\/t.co\/2pvyG2rVi8\">pic.twitter.com\/2pvyG2rVi8<\/a><\/p>&mdash; Rosario3.com (@Rosariotres) <a href=\"https:\/\/twitter.com\/Rosariotres\/status\/1687628452759744512?ref_src=twsrc%5Etfw\">August 5, 2023<\/a><\/blockquote><script async src=\"https:\/\/platform.twitter.com\/widgets.js\" charset=\"utf-8\"><\/script>\n<\/div><\/figure>\n","protected":false},"excerpt":{"rendered":"<p>La perra cumpli\u00f3 10 a\u00f1os de servicio en Gendarmer\u00eda y ahora empez\u00f3 su retiro. &#8220;Queremos informar que finalizamos nuestro servicio y esta es la \u00faltima patrulla de la can Pequi&#8221;,&hellip; <\/p>\n","protected":false},"author":4,"featured_media":78699,"comment_status":"closed","ping_status":"open","sticky":false,"template":"","format":"standard","meta":{"footnotes":""},"categories":[10],"tags":[],"class_list":["post-78695","post","type-post","status-publish","format-standard","has-post-thumbnail","hentry","category-nacionales"],"_links":{"self":[{"href":"https:\/\/corrientesdetarde.com\/index.php\/wp-json\/wp\/v2\/posts\/78695","targetHints":{"allow":["GET"]}}],"collection":[{"href":"https:\/\/corrientesdetarde.com\/index.php\/wp-json\/wp\/v2\/posts"}],"about":[{"href":"https:\/\/corrientesdetarde.com\/index.php\/wp-json\/wp\/v2\/types\/post"}],"author":[{"embeddable":true,"href":"https:\/\/corrientesdetarde.com\/index.php\/wp-json\/wp\/v2\/users\/4"}],"replies":[{"embeddable":true,"href":"https:\/\/corrientesdetarde.com\/index.php\/wp-json\/wp\/v2\/comments?post=78695"}],"version-history":[{"count":1,"href":"https:\/\/corrientesdetarde.com\/index.php\/wp-json\/wp\/v2\/posts\/78695\/revisions"}],"predecessor-version":[{"id":78700,"href":"https:\/\/corrientesdetarde.com\/index.php\/wp-json\/wp\/v2\/posts\/78695\/revisions\/78700"}],"wp:featuredmedia":[{"embeddable":true,"href":"https:\/\/corrientesdetarde.com\/index.php\/wp-json\/wp\/v2\/media\/78699"}],"wp:attachment":[{"href":"https:\/\/corrientesdetarde.com\/index.php\/wp-json\/wp\/v2\/media?parent=78695"}],"wp:term":[{"taxonomy":"category","embeddable":true,"href":"https:\/\/corrientesdetarde.com\/index.php\/wp-json\/wp\/v2\/categories?post=78695"},{"taxonomy":"post_tag","embeddable":true,"href":"https:\/\/corrientesdetarde.com\/index.php\/wp-json\/wp\/v2\/tags?post=78695"}],"curies":[{"name":"wp","href":"https:\/\/api.w.org\/{rel}","templated":true}]}}