{"id":78702,"date":"2023-08-06T10:59:31","date_gmt":"2023-08-06T13:59:31","guid":{"rendered":"https:\/\/corrientesdetarde.com\/?p=78702"},"modified":"2023-08-06T11:03:32","modified_gmt":"2023-08-06T14:03:32","slug":"alerta-meteorologico-por-nevadas-dos-provincias-afectadas","status":"publish","type":"post","link":"https:\/\/corrientesdetarde.com\/index.php\/clima\/alerta-meteorologico-por-nevadas-dos-provincias-afectadas\/","title":{"rendered":"Alerta meteorol\u00f3gico por nevadas: dos provincias afectadaS"},"content":{"rendered":"\n<p>La nieve podr\u00eda causar complicaciones este domingo en localidades del sur del pa\u00eds. Las advertencias y recomendaciones del Servicio Meteorol\u00f3gico Nacional.<\/p>\n\n\n\n<p>Contrario a las temperaturas templadas de Buenos Aires, en zonas del sur del pa\u00eds contin\u00faa el&nbsp;<strong>fr\u00edo intenso<\/strong>&nbsp;e incluso reg\u00edan este domingo&nbsp;<strong>alertas<\/strong>&nbsp;por&nbsp;<strong>fuertes nevadas<\/strong>&nbsp;emitidas por el&nbsp;<strong>Servicio Meteorol\u00f3gico Nacional (SMN)<\/strong>.<\/p>\n\n\n\n<p>El alerta, en este caso amarillo, abarcaba a zonas cordilleranas de&nbsp;<strong>Santa Cruz<\/strong>, principalmente en&nbsp;<strong>G\u00fcer Aike y Lago Argentino<\/strong>; y de&nbsp;<strong>Tierra del Fuego<\/strong>,&nbsp;<strong>Ant\u00e1rtida e Islas del Atl\u00e1ntico Sur<\/strong>, principalmente&nbsp;<strong>la costa de Ushuaia<\/strong>.<\/p>\n\n\n\n<h2 class=\"wp-block-heading\">Alerta amarillo por nevadas<\/h2>\n\n\n\n<p>Seg\u00fan inform\u00f3 el SMN, &#8220;el \u00e1rea ser\u00e1 afectada por nevadas, algunas localmente fuertes&#8221;. Adem\u00e1s,&nbsp;<strong>se esperan valores de nieve acumulada entre 10 y 20 cm, pudiendo ser superados en forma puntual, especialmente en \u00e1reas cordilleranas<\/strong>.<\/p>\n\n\n\n<h5 class=\"wp-block-heading\">&nbsp;<\/h5>\n\n\n\n<h2 class=\"wp-block-heading\">Recomendaciones del SMN por nevadas fuertes<\/h2>\n\n\n\n<ul class=\"wp-block-list\"><li>Evit\u00e1 actividades al aire libre.<\/li><li>Retir\u00e1 peri\u00f3dicamente la nieve acumulada en los techos.<\/li><li>Circul\u00e1 con veh\u00edculos adecuados y preparados para hielo y nieve.<\/li><li>Ventil\u00e1 veh\u00edculos y viviendas para evitar acumulaci\u00f3n de mon\u00f3xido de carbono.<\/li><li>Informate por las autoridades. Ten\u00e9 siempre lista una mochila de emergencias con linterna, radio, documentos y tel\u00e9fono.<\/li><\/ul>\n","protected":false},"excerpt":{"rendered":"<p>La nieve podr\u00eda causar complicaciones este domingo en localidades del sur del pa\u00eds. Las advertencias y recomendaciones del Servicio Meteorol\u00f3gico Nacional. Contrario a las temperaturas templadas de Buenos Aires, en&hellip; <\/p>\n","protected":false},"author":4,"featured_media":78703,"comment_status":"closed","ping_status":"open","sticky":false,"template":"","format":"standard","meta":{"footnotes":""},"categories":[29],"tags":[],"class_list":["post-78702","post","type-post","status-publish","format-standard","has-post-thumbnail","hentry","category-clima"],"_links":{"self":[{"href":"https:\/\/corrientesdetarde.com\/index.php\/wp-json\/wp\/v2\/posts\/78702","targetHints":{"allow":["GET"]}}],"collection":[{"href":"https:\/\/corrientesdetarde.com\/index.php\/wp-json\/wp\/v2\/posts"}],"about":[{"href":"https:\/\/corrientesdetarde.com\/index.php\/wp-json\/wp\/v2\/types\/post"}],"author":[{"embeddable":true,"href":"https:\/\/corrientesdetarde.com\/index.php\/wp-json\/wp\/v2\/users\/4"}],"replies":[{"embeddable":true,"href":"https:\/\/corrientesdetarde.com\/index.php\/wp-json\/wp\/v2\/comments?post=78702"}],"version-history":[{"count":2,"href":"https:\/\/corrientesdetarde.com\/index.php\/wp-json\/wp\/v2\/posts\/78702\/revisions"}],"predecessor-version":[{"id":78705,"href":"https:\/\/corrientesdetarde.com\/index.php\/wp-json\/wp\/v2\/posts\/78702\/revisions\/78705"}],"wp:featuredmedia":[{"embeddable":true,"href":"https:\/\/corrientesdetarde.com\/index.php\/wp-json\/wp\/v2\/media\/78703"}],"wp:attachment":[{"href":"https:\/\/corrientesdetarde.com\/index.php\/wp-json\/wp\/v2\/media?parent=78702"}],"wp:term":[{"taxonomy":"category","embeddable":true,"href":"https:\/\/corrientesdetarde.com\/index.php\/wp-json\/wp\/v2\/categories?post=78702"},{"taxonomy":"post_tag","embeddable":true,"href":"https:\/\/corrientesdetarde.com\/index.php\/wp-json\/wp\/v2\/tags?post=78702"}],"curies":[{"name":"wp","href":"https:\/\/api.w.org\/{rel}","templated":true}]}}