{"id":78715,"date":"2023-08-06T11:52:51","date_gmt":"2023-08-06T14:52:51","guid":{"rendered":"https:\/\/corrientesdetarde.com\/?p=78715"},"modified":"2023-08-06T11:53:04","modified_gmt":"2023-08-06T14:53:04","slug":"allanaron-un-desarmadero-clandestino-en-corrientes","status":"publish","type":"post","link":"https:\/\/corrientesdetarde.com\/index.php\/policiales\/allanaron-un-desarmadero-clandestino-en-corrientes\/","title":{"rendered":"allanaron un desarmadero clandestino en Corrientes"},"content":{"rendered":"\n<p>Tras allanamientos la Polic\u00eda secuestr\u00f3 varios elementos de dudosa procedencia. Actu\u00f3 personal de la Comisar\u00eda 21\u00b0 y varios grupos operativos.<\/p>\n\n\n\n<p>Este s\u00e1bado efectivos policiales dependientes de la Divisi\u00f3n Anti Arrebatos, en forma conjunta y coordinada con el Destacamento San Marcos, GIR, Destacamento Sol de Mayo y Comisaria 21\u00b0 en colaboraci\u00f3n con las autoridades judiciales en turno dieron cumplimiento a dos \u00f3rdenes de allanamientos diligenciados en distintos domicilios, donde lograron hallar y secuestrar elementos como ser motocicletas, parlante, herramientas varias entre otras cosas, todas de dudosa procedencias.<\/p>\n\n\n\n<p>El primer allanamiento, lo llevaron a cabo alrededor de las 09:30 horas en un domicilio ubicado por calles Sandra de Romero al 3000 aproximadamente, lugar donde lograron hallar y secuestrar dos motocicletas, moto-partes, caja de herramientas varias, as\u00ed tambi\u00e9n en una zona de escampado lindante al domicilio lograron secuestrar una soldadora oxigas , una bomba de vac\u00edo y un manifold.<\/p>\n\n\n\n<p>Posteriormente, pasadas las 11:30 diligenciaron la segunda orden de allanamiento en un domicilio ubicado por calle Honduras del barrio Uni\u00f3n donde lograron hallar y secuestrar una hidrolavadora industrial , una bicicleta tipo playera, dos Tablet, dos tel\u00e9fonos celulares , un parlante de m\u00fasica, dos reloj y un cargador port\u00e1til, de los cuales la propietaria del lugar no supo justificar su procedencia.<\/p>\n\n\n\n<p>Al respecto, los elementos secuestrados fueron puestos a disposici\u00f3n de la justicia a fin de continuar con las diligencias correspondientes del caso.<\/p>\n\n\n\n<figure class=\"wp-block-image\"><img decoding=\"async\" src=\"https:\/\/www.lt7noticias.com\/content\/bucket\/7\/51567w770h578c.jpg.webp\" alt=\"\"\/><\/figure>\n","protected":false},"excerpt":{"rendered":"<p>Tras allanamientos la Polic\u00eda secuestr\u00f3 varios elementos de dudosa procedencia. Actu\u00f3 personal de la Comisar\u00eda 21\u00b0 y varios grupos operativos. Este s\u00e1bado efectivos policiales dependientes de la Divisi\u00f3n Anti Arrebatos,&hellip; <\/p>\n","protected":false},"author":4,"featured_media":78716,"comment_status":"closed","ping_status":"open","sticky":false,"template":"","format":"standard","meta":{"footnotes":""},"categories":[33],"tags":[],"class_list":["post-78715","post","type-post","status-publish","format-standard","has-post-thumbnail","hentry","category-policiales"],"_links":{"self":[{"href":"https:\/\/corrientesdetarde.com\/index.php\/wp-json\/wp\/v2\/posts\/78715","targetHints":{"allow":["GET"]}}],"collection":[{"href":"https:\/\/corrientesdetarde.com\/index.php\/wp-json\/wp\/v2\/posts"}],"about":[{"href":"https:\/\/corrientesdetarde.com\/index.php\/wp-json\/wp\/v2\/types\/post"}],"author":[{"embeddable":true,"href":"https:\/\/corrientesdetarde.com\/index.php\/wp-json\/wp\/v2\/users\/4"}],"replies":[{"embeddable":true,"href":"https:\/\/corrientesdetarde.com\/index.php\/wp-json\/wp\/v2\/comments?post=78715"}],"version-history":[{"count":1,"href":"https:\/\/corrientesdetarde.com\/index.php\/wp-json\/wp\/v2\/posts\/78715\/revisions"}],"predecessor-version":[{"id":78717,"href":"https:\/\/corrientesdetarde.com\/index.php\/wp-json\/wp\/v2\/posts\/78715\/revisions\/78717"}],"wp:featuredmedia":[{"embeddable":true,"href":"https:\/\/corrientesdetarde.com\/index.php\/wp-json\/wp\/v2\/media\/78716"}],"wp:attachment":[{"href":"https:\/\/corrientesdetarde.com\/index.php\/wp-json\/wp\/v2\/media?parent=78715"}],"wp:term":[{"taxonomy":"category","embeddable":true,"href":"https:\/\/corrientesdetarde.com\/index.php\/wp-json\/wp\/v2\/categories?post=78715"},{"taxonomy":"post_tag","embeddable":true,"href":"https:\/\/corrientesdetarde.com\/index.php\/wp-json\/wp\/v2\/tags?post=78715"}],"curies":[{"name":"wp","href":"https:\/\/api.w.org\/{rel}","templated":true}]}}