{"id":78728,"date":"2023-08-06T18:32:49","date_gmt":"2023-08-06T21:32:49","guid":{"rendered":"https:\/\/corrientesdetarde.com\/?p=78728"},"modified":"2023-08-06T18:33:02","modified_gmt":"2023-08-06T21:33:02","slug":"el-vicegobernador-hablo-sobre-el-escenario-politico-en-juntos-por-el-cambio","status":"publish","type":"post","link":"https:\/\/corrientesdetarde.com\/index.php\/locales\/el-vicegobernador-hablo-sobre-el-escenario-politico-en-juntos-por-el-cambio\/","title":{"rendered":"El Vicegobernador habl\u00f3 sobre el escenario pol\u00edtico en Juntos por el Cambio."},"content":{"rendered":"\n<h2 class=\"wp-block-heading\">El vicegobernador de la provincia, Pedro Braillard Poccard visit\u00f3 los estudios de Radio Dos en lo Bueno, lo malo y lo feo.<\/h2>\n\n\n\n<p>&#8220;La sociedad necesita de los mensajes, se est\u00e1 intentando superar el desaf\u00edo de decir no nos vamos a dividir&#8221;, dijo sobre la interna en Juntos por el Cambio entre Larreta y Bullrich. &#8220;El que queda afuera va ayudar al futuro gobierno&#8221;, asegur\u00f3.<\/p>\n\n\n\n<p>&#8220;Est\u00e1n haciendo gestos gane quien gane el otro va acompa\u00f1ar, eso es muy positivo. No se puede desperdiciar la experiencia de uno o de otro&#8221;, analiz\u00f3.<\/p>\n\n\n\n<p>Respecto de los desaf\u00edos de Juntos por el cambio, dijo que &#8220;el primero es mantenerse unido y despu\u00e9s hay que reconstruir un Gobierno plenamente federal, no se puede desperdiciar a los valores que existen en el interior&#8221;.<\/p>\n\n\n\n<p><\/p>\n","protected":false},"excerpt":{"rendered":"<p>El vicegobernador de la provincia, Pedro Braillard Poccard visit\u00f3 los estudios de Radio Dos en lo Bueno, lo malo y lo feo. &#8220;La sociedad necesita de los mensajes, se est\u00e1&hellip; <\/p>\n","protected":false},"author":6,"featured_media":78735,"comment_status":"closed","ping_status":"open","sticky":false,"template":"","format":"standard","meta":{"footnotes":""},"categories":[8],"tags":[],"class_list":["post-78728","post","type-post","status-publish","format-standard","has-post-thumbnail","hentry","category-locales"],"_links":{"self":[{"href":"https:\/\/corrientesdetarde.com\/index.php\/wp-json\/wp\/v2\/posts\/78728","targetHints":{"allow":["GET"]}}],"collection":[{"href":"https:\/\/corrientesdetarde.com\/index.php\/wp-json\/wp\/v2\/posts"}],"about":[{"href":"https:\/\/corrientesdetarde.com\/index.php\/wp-json\/wp\/v2\/types\/post"}],"author":[{"embeddable":true,"href":"https:\/\/corrientesdetarde.com\/index.php\/wp-json\/wp\/v2\/users\/6"}],"replies":[{"embeddable":true,"href":"https:\/\/corrientesdetarde.com\/index.php\/wp-json\/wp\/v2\/comments?post=78728"}],"version-history":[{"count":1,"href":"https:\/\/corrientesdetarde.com\/index.php\/wp-json\/wp\/v2\/posts\/78728\/revisions"}],"predecessor-version":[{"id":78736,"href":"https:\/\/corrientesdetarde.com\/index.php\/wp-json\/wp\/v2\/posts\/78728\/revisions\/78736"}],"wp:featuredmedia":[{"embeddable":true,"href":"https:\/\/corrientesdetarde.com\/index.php\/wp-json\/wp\/v2\/media\/78735"}],"wp:attachment":[{"href":"https:\/\/corrientesdetarde.com\/index.php\/wp-json\/wp\/v2\/media?parent=78728"}],"wp:term":[{"taxonomy":"category","embeddable":true,"href":"https:\/\/corrientesdetarde.com\/index.php\/wp-json\/wp\/v2\/categories?post=78728"},{"taxonomy":"post_tag","embeddable":true,"href":"https:\/\/corrientesdetarde.com\/index.php\/wp-json\/wp\/v2\/tags?post=78728"}],"curies":[{"name":"wp","href":"https:\/\/api.w.org\/{rel}","templated":true}]}}