{"id":78778,"date":"2023-08-06T21:48:48","date_gmt":"2023-08-07T00:48:48","guid":{"rendered":"https:\/\/corrientesdetarde.com\/?p=78778"},"modified":"2023-08-06T21:48:59","modified_gmt":"2023-08-07T00:48:59","slug":"valdes-y-petri-presentes-en-la-fiesta-regional-del-cordero-lomeno","status":"publish","type":"post","link":"https:\/\/corrientesdetarde.com\/index.php\/politica\/valdes-y-petri-presentes-en-la-fiesta-regional-del-cordero-lomeno\/","title":{"rendered":"Vald\u00e9s y Petri presentes en la Fiesta Regional del Cordero Lome\u00f1o."},"content":{"rendered":"\n<h2 class=\"wp-block-heading\">A trav\u00e9s de su cuenta oficial de Twitter, el Gobernador de la provincia expres\u00f3: &#8220;Junto al precandidato a vicepresidente de la naci\u00f3n,\u00a0@luispetri, disfrutamos la 13\u00b0 edici\u00f3n de la Fiesta Regional del Cordero Lome\u00f1o en\u00a0Lomas De Vallejos, una celebraci\u00f3n popular que cada vez congrega a m\u00e1s productores de la zona, vecinos y visitantes de distintos puntos del pa\u00eds&#8221;.<\/h2>\n\n\n\n<figure class=\"wp-block-embed is-type-rich is-provider-twitter wp-block-embed-twitter\"><div class=\"wp-block-embed__wrapper\">\n<blockquote class=\"twitter-tweet\" data-width=\"550\" data-dnt=\"true\"><p lang=\"es\" dir=\"ltr\">Junto al precandidato a vicepresidente de la naci\u00f3n, <a href=\"https:\/\/twitter.com\/luispetri?ref_src=twsrc%5Etfw\">@luispetri<\/a>, disfrutamos la 13\u00b0 edici\u00f3n de la Fiesta Regional del Cordero Lome\u00f1o en <a href=\"https:\/\/twitter.com\/hashtag\/LomasDeVallejos?src=hash&amp;ref_src=twsrc%5Etfw\">#LomasDeVallejos<\/a>, una celebraci\u00f3n popular que cada vez congrega a m\u00e1s productores de la zona, vecinos y visitantes de distintos puntos del pa\u00eds. <a href=\"https:\/\/t.co\/3cugBFhVS5\">pic.twitter.com\/3cugBFhVS5<\/a><\/p>&mdash; Gustavo Vald\u00e9s (@gustavovaldesok) <a href=\"https:\/\/twitter.com\/gustavovaldesok\/status\/1687906451572789250?ref_src=twsrc%5Etfw\">August 5, 2023<\/a><\/blockquote><script async src=\"https:\/\/platform.twitter.com\/widgets.js\" charset=\"utf-8\"><\/script>\n<\/div><\/figure>\n","protected":false},"excerpt":{"rendered":"<p>A trav\u00e9s de su cuenta oficial de Twitter, el Gobernador de la provincia expres\u00f3: &#8220;Junto al precandidato a vicepresidente de la naci\u00f3n,\u00a0@luispetri, disfrutamos la 13\u00b0 edici\u00f3n de la Fiesta Regional&hellip; <\/p>\n","protected":false},"author":6,"featured_media":78785,"comment_status":"closed","ping_status":"open","sticky":false,"template":"","format":"standard","meta":{"footnotes":""},"categories":[3],"tags":[],"class_list":["post-78778","post","type-post","status-publish","format-standard","has-post-thumbnail","hentry","category-politica"],"_links":{"self":[{"href":"https:\/\/corrientesdetarde.com\/index.php\/wp-json\/wp\/v2\/posts\/78778","targetHints":{"allow":["GET"]}}],"collection":[{"href":"https:\/\/corrientesdetarde.com\/index.php\/wp-json\/wp\/v2\/posts"}],"about":[{"href":"https:\/\/corrientesdetarde.com\/index.php\/wp-json\/wp\/v2\/types\/post"}],"author":[{"embeddable":true,"href":"https:\/\/corrientesdetarde.com\/index.php\/wp-json\/wp\/v2\/users\/6"}],"replies":[{"embeddable":true,"href":"https:\/\/corrientesdetarde.com\/index.php\/wp-json\/wp\/v2\/comments?post=78778"}],"version-history":[{"count":1,"href":"https:\/\/corrientesdetarde.com\/index.php\/wp-json\/wp\/v2\/posts\/78778\/revisions"}],"predecessor-version":[{"id":78786,"href":"https:\/\/corrientesdetarde.com\/index.php\/wp-json\/wp\/v2\/posts\/78778\/revisions\/78786"}],"wp:featuredmedia":[{"embeddable":true,"href":"https:\/\/corrientesdetarde.com\/index.php\/wp-json\/wp\/v2\/media\/78785"}],"wp:attachment":[{"href":"https:\/\/corrientesdetarde.com\/index.php\/wp-json\/wp\/v2\/media?parent=78778"}],"wp:term":[{"taxonomy":"category","embeddable":true,"href":"https:\/\/corrientesdetarde.com\/index.php\/wp-json\/wp\/v2\/categories?post=78778"},{"taxonomy":"post_tag","embeddable":true,"href":"https:\/\/corrientesdetarde.com\/index.php\/wp-json\/wp\/v2\/tags?post=78778"}],"curies":[{"name":"wp","href":"https:\/\/api.w.org\/{rel}","templated":true}]}}