{"id":7882,"date":"2022-10-02T19:21:12","date_gmt":"2022-10-02T22:21:12","guid":{"rendered":"https:\/\/corrientesdetarde.com\/?p=7882"},"modified":"2022-10-02T19:21:16","modified_gmt":"2022-10-02T22:21:16","slug":"la-plata-vibro-al-ritmo-del-chamame","status":"publish","type":"post","link":"https:\/\/corrientesdetarde.com\/index.php\/cultura\/la-plata-vibro-al-ritmo-del-chamame\/","title":{"rendered":"La Plata vibr\u00f3 al ritmo del Chamam\u00e9."},"content":{"rendered":"\n<h2 class=\"wp-block-heading\">Ayer s\u00e1bado, en el Centro Cultural y Polideportivo de Los Hornos en La Plata, de 13 a 21, alrededor de 6.000 bonaerenses disfrutaron, bailaron y cantaron al ritmo de la m\u00fasica chamamecera junto a sus familias y amigos, bajo la atenta mirada de la Virgen de Itat\u00ed.<\/h2>\n\n\n\n<p>El Festival Corrientes Pa\u00eds Chamam\u00e9, iniciativa del Gobernador Gustavo Vald\u00e9s, se realiza en el marco de las actividades que lleva adelante la provincia a trav\u00e9s de la Casa de Corrientes en Buenos Aires, luego de la declaraci\u00f3n del Chamam\u00e9 como Patrimonio Cultural Inmaterial de la Humanidad.<\/p>\n\n\n\n<p>&#8220;Hemos tra\u00eddo el Festival a La Plata para agradecer al Centro de Correntinos de esta ciudad que siempre nos acompa\u00f1a en las actividades que realizamos y a en agradecimiento a todos los platenses que nos ayudaron a principios de a\u00f1o cuando sufrimos los incendios que arrasaron con gran parte de nuestra tierra&#8221;, se\u00f1al\u00f3 Enrique Garro, Delegado de la Provincia en Buenos Aires, y agreg\u00f3 que &#8220;vamos a tener siempre una mano tendida, como se\u00f1ala el Gobernador Vald\u00e9s, para todos los correntinos que est\u00e1n fuera de la provincia y para todos los amigos que deseen conocer m\u00e1s de nuestra hermosa Corrientes&#8221;.<\/p>\n\n\n\n<figure class=\"wp-block-image size-large\"><img loading=\"lazy\" decoding=\"async\" width=\"1024\" height=\"640\" src=\"https:\/\/corrientesdetarde.com\/wp-content\/uploads\/2022\/10\/1253135h720.jpg-1024x640.webp\" alt=\"\" class=\"wp-image-7883\" srcset=\"https:\/\/corrientesdetarde.com\/wp-content\/uploads\/2022\/10\/1253135h720.jpg-1024x640.webp 1024w, https:\/\/corrientesdetarde.com\/wp-content\/uploads\/2022\/10\/1253135h720.jpg-300x188.webp 300w, https:\/\/corrientesdetarde.com\/wp-content\/uploads\/2022\/10\/1253135h720.jpg-768x480.webp 768w, https:\/\/corrientesdetarde.com\/wp-content\/uploads\/2022\/10\/1253135h720.jpg.webp 1152w\" sizes=\"auto, (max-width: 1024px) 100vw, 1024px\" \/><\/figure>\n\n\n\n<p><\/p>\n","protected":false},"excerpt":{"rendered":"<p>Ayer s\u00e1bado, en el Centro Cultural y Polideportivo de Los Hornos en La Plata, de 13 a 21, alrededor de 6.000 bonaerenses disfrutaron, bailaron y cantaron al ritmo de la&hellip; <\/p>\n","protected":false},"author":6,"featured_media":7884,"comment_status":"closed","ping_status":"open","sticky":false,"template":"","format":"standard","meta":{"footnotes":""},"categories":[15],"tags":[],"class_list":["post-7882","post","type-post","status-publish","format-standard","has-post-thumbnail","hentry","category-cultura"],"_links":{"self":[{"href":"https:\/\/corrientesdetarde.com\/index.php\/wp-json\/wp\/v2\/posts\/7882","targetHints":{"allow":["GET"]}}],"collection":[{"href":"https:\/\/corrientesdetarde.com\/index.php\/wp-json\/wp\/v2\/posts"}],"about":[{"href":"https:\/\/corrientesdetarde.com\/index.php\/wp-json\/wp\/v2\/types\/post"}],"author":[{"embeddable":true,"href":"https:\/\/corrientesdetarde.com\/index.php\/wp-json\/wp\/v2\/users\/6"}],"replies":[{"embeddable":true,"href":"https:\/\/corrientesdetarde.com\/index.php\/wp-json\/wp\/v2\/comments?post=7882"}],"version-history":[{"count":1,"href":"https:\/\/corrientesdetarde.com\/index.php\/wp-json\/wp\/v2\/posts\/7882\/revisions"}],"predecessor-version":[{"id":7885,"href":"https:\/\/corrientesdetarde.com\/index.php\/wp-json\/wp\/v2\/posts\/7882\/revisions\/7885"}],"wp:featuredmedia":[{"embeddable":true,"href":"https:\/\/corrientesdetarde.com\/index.php\/wp-json\/wp\/v2\/media\/7884"}],"wp:attachment":[{"href":"https:\/\/corrientesdetarde.com\/index.php\/wp-json\/wp\/v2\/media?parent=7882"}],"wp:term":[{"taxonomy":"category","embeddable":true,"href":"https:\/\/corrientesdetarde.com\/index.php\/wp-json\/wp\/v2\/categories?post=7882"},{"taxonomy":"post_tag","embeddable":true,"href":"https:\/\/corrientesdetarde.com\/index.php\/wp-json\/wp\/v2\/tags?post=7882"}],"curies":[{"name":"wp","href":"https:\/\/api.w.org\/{rel}","templated":true}]}}