{"id":78902,"date":"2023-08-07T11:44:00","date_gmt":"2023-08-07T14:44:00","guid":{"rendered":"https:\/\/corrientesdetarde.com\/?p=78902"},"modified":"2023-08-07T11:44:03","modified_gmt":"2023-08-07T14:44:03","slug":"se-anunciaron-los-ganadores-de-la-convocatoria-sembrando-cine","status":"publish","type":"post","link":"https:\/\/corrientesdetarde.com\/index.php\/cultura\/se-anunciaron-los-ganadores-de-la-convocatoria-sembrando-cine\/","title":{"rendered":"Se anunciaron los ganadores de la convocatoria \u2018\u2019Sembrando Cine\u2019\u2019"},"content":{"rendered":"\n<p>En la ma\u00f1ana de este lunes, en el sal\u00f3n verde de Casa de gobierno, se anunciaron los proyectos ganadores de la 1\u00b0 convocatoria de desarrollo de carpetas para proyectos audiovisuales &#8220;Sembrando Cine&#8221;. Esta iniciativa es posible gracias al trabajo conjunto entre el Instituto de Cultura y el sector audiovisual, buscando impulsar y promover el desarrollo de nuevas producciones en el \u00e1mbito cinematogr\u00e1fico correntino.<\/p>\n\n\n\n<figure class=\"wp-block-image size-large\"><img loading=\"lazy\" decoding=\"async\" width=\"1024\" height=\"683\" src=\"https:\/\/corrientesdetarde.com\/wp-content\/uploads\/2023\/08\/image-193-1024x683.png\" alt=\"\" class=\"wp-image-78903\" srcset=\"https:\/\/corrientesdetarde.com\/wp-content\/uploads\/2023\/08\/image-193-1024x683.png 1024w, https:\/\/corrientesdetarde.com\/wp-content\/uploads\/2023\/08\/image-193-300x200.png 300w, https:\/\/corrientesdetarde.com\/wp-content\/uploads\/2023\/08\/image-193-768x512.png 768w, https:\/\/corrientesdetarde.com\/wp-content\/uploads\/2023\/08\/image-193.png 1200w\" sizes=\"auto, (max-width: 1024px) 100vw, 1024px\" \/><\/figure>\n\n\n\n<p>\u201cHacemos un gran esfuerzo para acompa\u00f1ar el desarrollo de nuestra industria audiovisual a fin de generar trabajo genuino\u201d, expuso el presidente del Instituto de Cultura, Gabriel Romero. Con una pr\u00f3rroga de por medio, la convocatoria cerr\u00f3 el 15 de Julio con un saldo de 27 proyectos enviados, incluyendo 8 series, 15 cortometrajes y 4 largometrajes.<\/p>\n\n\n\n<p>Finalmente se anunciaron los 8 proyectos ganadores: los cortometrajes \u2018\u2019Ciudadan\u00eda Guaran\u00ed\u2019\u2019 (directores: Maximiliano y Luc\u00eda Gauna), \u2018\u2019MUDA\u2019\u2019 (Franco \u00c1lvarez Ujfalusi), \u2018\u2019Perlas y Gemas\u2019\u2019 (Mauro Vidal); Las series \u2018\u2019La mirada de las abejas\u2019\u2019 (Fundaci\u00f3n La Colmena), \u2018\u2019El grito sagrado\u2019\u2019 (Braian L\u00f3pez) e \u2018\u2019Historias de all\u00e1 it\u00e9\u2019\u2019 (Esteban Zini); los largometrajes \u2018\u2019Cauces\u2019\u2019 (Lucas Olivares) y \u2018\u2019Rinc\u00f3n de Luna\u2019\u2019 (Betty Andino).<\/p>\n\n\n\n<p>Los premios de \u2018\u2019Sembrando Cine\u2019\u2019 ser\u00e1n: $300.000 para cada uno de los 3 cortometrajes seleccionados, $500.000 para cada uno de los 2 largometrajes y $400.000 para cada una de las 3 series. En esta primera convocatoria, un jurado integrado por Sonia Bertotti, Romina Vlachoff y Virginia Romero, fue el encargado de seleccionar los proyectos ganadores. Estos proyectos continuar\u00e1n siendo capacitados y acompa\u00f1ados durante tres meses para desarrollar una carpeta de proyecto que tenga posibilidades de ingresar a convocatorias nacionales e internacionales de cine.<\/p>\n\n\n\n<p>Una carpeta o biblia de proyecto audiovisual es fundamental para presentar de forma clara y precisa la idea de un proyecto y sus objetivos, adem\u00e1s de definir su viabilidad t\u00e9cnica y art\u00edstica, el presupuesto y los recursos necesarios para llevarlo a cabo. La carpeta tambi\u00e9n es una herramienta importante para buscar financiamiento y promocionar el proyecto ante productoras, inversionistas y festivales de cine, ya que les permite conocer de forma detallada el proyecto y su potencial.<\/p>\n\n\n\n<p><strong>Gabriel Romero<\/strong><\/p>\n\n\n\n<p>Tras felicitar a los ganadores del concurso, Gabriel Romero puso de relieve que desde el Gobierno provincial \u201chacemos un gran esfuerzo para acompa\u00f1ar el desarrollo de nuestra industria audiovisual a fin de generar trabajo genuino para los correntinos\u201d.<\/p>\n\n\n\n<p>\u201cEste es un trabajo mancomunado y desde hace un a\u00f1o decidimos unirnos y darle una potencia mucho m\u00e1s fuerte a todas estas acciones\u201d, asever\u00f3 el titular del Instituto de Cultura, dejando en claro que el objetivo es no solo financiar los proyectos, sino tambi\u00e9n tener una \u201cmirada integral de las necesidades del sector y en base al di\u00e1logo y el consenso encontrar las soluciones adecuadas\u201d.<\/p>\n\n\n\n<p>Al referirse al proyecto de Ley de Promoci\u00f3n a la industria audiovisual de Corrientes, Romero coment\u00f3 que \u201ccomo Estado tenemos una idea clara al respecto\u201d, aunque aclar\u00f3 que lo m\u00e1s importante es que la misma \u201ctenga el impulso propio de los realizadores y los vamos acompa\u00f1ar en todo eso\u201d.<\/p>\n\n\n\n<p>Para finalizar, Romero renov\u00f3 el compromiso de seguir trabajando juntos para \u201cfomentar el potencial de los realizadores de cine en Corrientes, que es enorme\u201d.<\/p>\n\n\n\n<p><strong>Tom\u00e1s Dilsizi\u00e1n<\/strong><\/p>\n\n\n\n<p>\u201cEs un d\u00eda hist\u00f3rico para la industria audiovisual de Corrientes\u201d, declar\u00f3 Tom\u00e1s Dilsizi\u00e1n, coordinador del Plan de Fomento de dicha industria, que resalt\u00f3 el pleno acompa\u00f1amiento y el apoyo del Instituto de Cultura para poder motorizar este proyecto.<\/p>\n\n\n\n<p>Asimismo, Dilsizi\u00e1n coment\u00f3 que se presentaron 27 proyectos en total, que redund\u00f3 en la inscripci\u00f3n de 68 personas en los roles b\u00e1sicos de direcci\u00f3n, guion y producci\u00f3n y, tras una exhaustiva labor del jurado, finalmente quedaron 8 entre los seleccionados.<\/p>\n\n\n\n<p><strong>Presencias<\/strong><\/p>\n\n\n\n<p>Participaron del acto, el presidente del Instituto de Cultura, Gabriel Romero, el director de Artes Esc\u00e9nicas, Eduardo S\u00edvori y el responsable del departamento de Cine y Artes Visuales de dicho organismo, Manuel Ibarra; acompa\u00f1ados por el coordinador del Plan de Fomento Audiovisual, Tom\u00e1s Dilsizi\u00e1n, la jurado del concurso, Virginia Romero y por \u00faltimo Virginia Soy, en representaci\u00f3n del Foro de Pol\u00edticas Audiovisuales de Corrientes.<\/p>\n\n\n\n<figure class=\"wp-block-image size-large\"><img loading=\"lazy\" decoding=\"async\" width=\"1024\" height=\"683\" src=\"https:\/\/corrientesdetarde.com\/wp-content\/uploads\/2023\/08\/image-194-1024x683.png\" alt=\"\" class=\"wp-image-78904\" srcset=\"https:\/\/corrientesdetarde.com\/wp-content\/uploads\/2023\/08\/image-194-1024x683.png 1024w, https:\/\/corrientesdetarde.com\/wp-content\/uploads\/2023\/08\/image-194-300x200.png 300w, https:\/\/corrientesdetarde.com\/wp-content\/uploads\/2023\/08\/image-194-768x512.png 768w, https:\/\/corrientesdetarde.com\/wp-content\/uploads\/2023\/08\/image-194.png 1200w\" sizes=\"auto, (max-width: 1024px) 100vw, 1024px\" \/><\/figure>\n","protected":false},"excerpt":{"rendered":"<p>En la ma\u00f1ana de este lunes, en el sal\u00f3n verde de Casa de gobierno, se anunciaron los proyectos ganadores de la 1\u00b0 convocatoria de desarrollo de carpetas para proyectos audiovisuales&hellip; <\/p>\n","protected":false},"author":1,"featured_media":78905,"comment_status":"closed","ping_status":"open","sticky":false,"template":"","format":"standard","meta":{"footnotes":""},"categories":[15,22],"tags":[],"class_list":["post-78902","post","type-post","status-publish","format-standard","has-post-thumbnail","hentry","category-cultura","category-eventos"],"_links":{"self":[{"href":"https:\/\/corrientesdetarde.com\/index.php\/wp-json\/wp\/v2\/posts\/78902","targetHints":{"allow":["GET"]}}],"collection":[{"href":"https:\/\/corrientesdetarde.com\/index.php\/wp-json\/wp\/v2\/posts"}],"about":[{"href":"https:\/\/corrientesdetarde.com\/index.php\/wp-json\/wp\/v2\/types\/post"}],"author":[{"embeddable":true,"href":"https:\/\/corrientesdetarde.com\/index.php\/wp-json\/wp\/v2\/users\/1"}],"replies":[{"embeddable":true,"href":"https:\/\/corrientesdetarde.com\/index.php\/wp-json\/wp\/v2\/comments?post=78902"}],"version-history":[{"count":1,"href":"https:\/\/corrientesdetarde.com\/index.php\/wp-json\/wp\/v2\/posts\/78902\/revisions"}],"predecessor-version":[{"id":78906,"href":"https:\/\/corrientesdetarde.com\/index.php\/wp-json\/wp\/v2\/posts\/78902\/revisions\/78906"}],"wp:featuredmedia":[{"embeddable":true,"href":"https:\/\/corrientesdetarde.com\/index.php\/wp-json\/wp\/v2\/media\/78905"}],"wp:attachment":[{"href":"https:\/\/corrientesdetarde.com\/index.php\/wp-json\/wp\/v2\/media?parent=78902"}],"wp:term":[{"taxonomy":"category","embeddable":true,"href":"https:\/\/corrientesdetarde.com\/index.php\/wp-json\/wp\/v2\/categories?post=78902"},{"taxonomy":"post_tag","embeddable":true,"href":"https:\/\/corrientesdetarde.com\/index.php\/wp-json\/wp\/v2\/tags?post=78902"}],"curies":[{"name":"wp","href":"https:\/\/api.w.org\/{rel}","templated":true}]}}