{"id":78907,"date":"2023-08-07T13:03:14","date_gmt":"2023-08-07T16:03:14","guid":{"rendered":"https:\/\/corrientesdetarde.com\/?p=78907"},"modified":"2023-08-07T13:03:17","modified_gmt":"2023-08-07T16:03:17","slug":"daer-es-imposible-dejar-sin-efecto-los-convenios-colectivos-de-trabajo-que-rige-un-100-la-ley-de-contratos-de-trabajo","status":"publish","type":"post","link":"https:\/\/corrientesdetarde.com\/index.php\/nacionales\/daer-es-imposible-dejar-sin-efecto-los-convenios-colectivos-de-trabajo-que-rige-un-100-la-ley-de-contratos-de-trabajo\/","title":{"rendered":"DAER: \u201cES IMPOSIBLE DEJAR SIN EFECTO LOS CONVENIOS COLECTIVOS DE TRABAJO QUE RIGE UN 100% LA LEY DE CONTRATOS DE TRABAJO\u201d"},"content":{"rendered":"\n<p>(Pablo Roma, Gremiales) &#8211; <em>El Secretario General de la CGT H\u00e9ctor Daer carg\u00f3 contra las propuestas de felxibilizaci\u00f3n laboral de los candidatos de la oposici\u00f3n y calific\u00f3 el tema como una \u201cprovocaci\u00f3n contra los trabajadores\u201d.<\/em><\/p>\n\n\n\n<p>El titular del gremio de Sanidad, dialog\u00f3 con Radio Con Vos y expres\u00f3 que no se puede igualar las condiciones de un almacenero o un verdulero, con las leyes que rigen la contrataci\u00f3n de los trabajadores.<\/p>\n\n\n\n<p>Agreg\u00f3 que es un absurdo culpar a los trabajadores que est\u00e1n en la formalidad por la situaci\u00f3n de informalidad de los dem\u00e1s trabajadores.<\/p>\n\n\n\n<p>Consider\u00f3 que es necesario facilitarle las cosas a quienes tienen peque\u00f1os comercios, pero advirti\u00f3 que las paritarias sin techo son esenciales para la revisi\u00f3n permanente de los convenios colectivos de trabajo, lo cual, hace que quede sin efecto el argumento de que los convenios est\u00e1n desactualizados.<\/p>\n\n\n\n<p>\u201cel problema no est\u00e1 en la legislaci\u00f3n laboral, sino en la base de los fundamentos de la econom\u00eda, que debe tomar la Argentina por fuera de los negociados financieros y el endeudamiento que foment\u00f3 el neoliberalismo, como forma de adoctrinamiento social\u201d.<\/p>\n\n\n\n<p>Explic\u00f3 adem\u00e1s que plantear una cuesti\u00f3n gen\u00e9rica sobre la legislaci\u00f3n laboral es un error, porque hay peque\u00f1os emprendimientos y microempresas en las cuales existe la problem\u00e1tica de las indemnizaciones superiores a la l\u00f3gica y admiti\u00f3 que hay que revisar estos temas, pero alert\u00f3 en que \u201cno hay que generalizar y echarle la culpa a la ley laboral de que ocurran estas cosas\u201d.<\/p>\n","protected":false},"excerpt":{"rendered":"<p>(Pablo Roma, Gremiales) &#8211; El Secretario General de la CGT H\u00e9ctor Daer carg\u00f3 contra las propuestas de felxibilizaci\u00f3n laboral de los candidatos de la oposici\u00f3n y calific\u00f3 el tema como&hellip; <\/p>\n","protected":false},"author":11,"featured_media":78908,"comment_status":"closed","ping_status":"open","sticky":false,"template":"","format":"standard","meta":{"footnotes":""},"categories":[10],"tags":[954,325,952,953,951],"class_list":["post-78907","post","type-post","status-publish","format-standard","has-post-thumbnail","hentry","category-nacionales","tag-convenios","tag-daer","tag-flexibilizacion","tag-laboral","tag-renembaum"],"_links":{"self":[{"href":"https:\/\/corrientesdetarde.com\/index.php\/wp-json\/wp\/v2\/posts\/78907","targetHints":{"allow":["GET"]}}],"collection":[{"href":"https:\/\/corrientesdetarde.com\/index.php\/wp-json\/wp\/v2\/posts"}],"about":[{"href":"https:\/\/corrientesdetarde.com\/index.php\/wp-json\/wp\/v2\/types\/post"}],"author":[{"embeddable":true,"href":"https:\/\/corrientesdetarde.com\/index.php\/wp-json\/wp\/v2\/users\/11"}],"replies":[{"embeddable":true,"href":"https:\/\/corrientesdetarde.com\/index.php\/wp-json\/wp\/v2\/comments?post=78907"}],"version-history":[{"count":1,"href":"https:\/\/corrientesdetarde.com\/index.php\/wp-json\/wp\/v2\/posts\/78907\/revisions"}],"predecessor-version":[{"id":78909,"href":"https:\/\/corrientesdetarde.com\/index.php\/wp-json\/wp\/v2\/posts\/78907\/revisions\/78909"}],"wp:featuredmedia":[{"embeddable":true,"href":"https:\/\/corrientesdetarde.com\/index.php\/wp-json\/wp\/v2\/media\/78908"}],"wp:attachment":[{"href":"https:\/\/corrientesdetarde.com\/index.php\/wp-json\/wp\/v2\/media?parent=78907"}],"wp:term":[{"taxonomy":"category","embeddable":true,"href":"https:\/\/corrientesdetarde.com\/index.php\/wp-json\/wp\/v2\/categories?post=78907"},{"taxonomy":"post_tag","embeddable":true,"href":"https:\/\/corrientesdetarde.com\/index.php\/wp-json\/wp\/v2\/tags?post=78907"}],"curies":[{"name":"wp","href":"https:\/\/api.w.org\/{rel}","templated":true}]}}