{"id":78910,"date":"2023-08-07T13:45:59","date_gmt":"2023-08-07T16:45:59","guid":{"rendered":"https:\/\/corrientesdetarde.com\/?p=78910"},"modified":"2023-08-07T13:46:11","modified_gmt":"2023-08-07T16:46:11","slug":"85-aniversario-destacaron-el-rol-de-la-gendarmeria-nacional-en-la-proteccion-de-los-ciudadanos","status":"publish","type":"post","link":"https:\/\/corrientesdetarde.com\/index.php\/locales\/85-aniversario-destacaron-el-rol-de-la-gendarmeria-nacional-en-la-proteccion-de-los-ciudadanos\/","title":{"rendered":"85 Aniversario: Destacaron el rol de la Gendarmer\u00eda Nacional en la protecci\u00f3n de los ciudadanos"},"content":{"rendered":"\n<p><\/p>\n\n\n\n<p>En la Plaza de armas del Escuadr\u00f3n 48, se realiz\u00f3 el acto central con motivo del 85 aniversario de la Creaci\u00f3n de la fuerza, el 28 de julio de 1938.<\/p>\n\n\n\n<figure class=\"wp-block-image size-large\"><img loading=\"lazy\" decoding=\"async\" width=\"1024\" height=\"683\" src=\"https:\/\/corrientesdetarde.com\/wp-content\/uploads\/2023\/08\/WhatsApp-Image-2023-08-07-at-13.13.39-1024x683.jpg\" alt=\"\" class=\"wp-image-78911\" srcset=\"https:\/\/corrientesdetarde.com\/wp-content\/uploads\/2023\/08\/WhatsApp-Image-2023-08-07-at-13.13.39-1024x683.jpg 1024w, https:\/\/corrientesdetarde.com\/wp-content\/uploads\/2023\/08\/WhatsApp-Image-2023-08-07-at-13.13.39-300x200.jpg 300w, https:\/\/corrientesdetarde.com\/wp-content\/uploads\/2023\/08\/WhatsApp-Image-2023-08-07-at-13.13.39-768x512.jpg 768w, https:\/\/corrientesdetarde.com\/wp-content\/uploads\/2023\/08\/WhatsApp-Image-2023-08-07-at-13.13.39-1536x1024.jpg 1536w, https:\/\/corrientesdetarde.com\/wp-content\/uploads\/2023\/08\/WhatsApp-Image-2023-08-07-at-13.13.39.jpg 1599w\" sizes=\"auto, (max-width: 1024px) 100vw, 1024px\" \/><\/figure>\n\n\n\n<p>En la oportunidad, el vicegobernador Pedro Braillard Poccard, en representaci\u00f3n del gobierno provincial, acompa\u00f1\u00f3 al Jefe de la Agrupaci\u00f3n III de Gendarmer\u00eda Nacional, Comandante Mayor Claudio C\u00e9sar Puente, junto al Ministro de Seguridad, Buenaventura Duarte; el intendente de la capital, Eduardo Tassano, el Presidente del Concejo Deliberante, Alfredo Vallejos; y autoridades de las distintas fuerzas.<\/p>\n\n\n\n<p>Luego de entonar las estrofas del himno nacional, se realiz\u00f3 un homenaje a los gendarmes fallecidos y heridos en ejercicio del deber.<\/p>\n\n\n<div class=\"wp-block-image\">\n<figure class=\"aligncenter size-large is-resized\"><img loading=\"lazy\" decoding=\"async\" src=\"https:\/\/corrientesdetarde.com\/wp-content\/uploads\/2023\/08\/WhatsApp-Image-2023-08-07-at-13.13.40-683x1024.jpg\" alt=\"\" class=\"wp-image-78912\" width=\"508\" height=\"762\" srcset=\"https:\/\/corrientesdetarde.com\/wp-content\/uploads\/2023\/08\/WhatsApp-Image-2023-08-07-at-13.13.40-683x1024.jpg 683w, https:\/\/corrientesdetarde.com\/wp-content\/uploads\/2023\/08\/WhatsApp-Image-2023-08-07-at-13.13.40-200x300.jpg 200w, https:\/\/corrientesdetarde.com\/wp-content\/uploads\/2023\/08\/WhatsApp-Image-2023-08-07-at-13.13.40-768x1152.jpg 768w, https:\/\/corrientesdetarde.com\/wp-content\/uploads\/2023\/08\/WhatsApp-Image-2023-08-07-at-13.13.40-1024x1536.jpg 1024w, https:\/\/corrientesdetarde.com\/wp-content\/uploads\/2023\/08\/WhatsApp-Image-2023-08-07-at-13.13.40.jpg 1066w\" sizes=\"auto, (max-width: 508px) 100vw, 508px\" \/><\/figure>\n<\/div>\n\n\n<p>Al hacer uso de la palabra el Director Nacional de Gendarmer\u00eda, Comandante General Andr\u00e9s Severino, reafirm\u00f3 el compromiso de \u201ccontinuar salvaguardando las necesidades del Estado y los derechos de los ciudadanos\u201d.<\/p>\n\n\n\n<p>\u201cSomos una fuerza coherente que responde de manera responsable a la gesti\u00f3n pol\u00edtica, proactivos al encarar los desaf\u00edos que se nos presentan,\u201d asegur\u00f3 el Comandante General.<\/p>\n\n\n\n<p>Por su parte el Jefe de la Agrupaci\u00f3n, Comandante Mayor Puente manifest\u00f3: \u201cEs una fecha que nos convoca a rememorar el pasado y proyectar un futuro promisorio, cumpliendo con nuestros deberes para defender a los ciudadanos y a la Naci\u00f3n, preservando el orden y la paz\u201d.<\/p>\n\n\n\n<p>Puente concluy\u00f3: \u201cHacer cumplir la Constituci\u00f3n Nacional y respetar los principios \u00e9ticos, el respeto y la igualdad a todas las personas\u201d.<\/p>\n\n\n<div class=\"wp-block-image\">\n<figure class=\"aligncenter size-large\"><img loading=\"lazy\" decoding=\"async\" width=\"683\" height=\"1024\" src=\"https:\/\/corrientesdetarde.com\/wp-content\/uploads\/2023\/08\/WhatsApp-Image-2023-08-07-at-13.13.41-683x1024.jpg\" alt=\"\" class=\"wp-image-78913\" srcset=\"https:\/\/corrientesdetarde.com\/wp-content\/uploads\/2023\/08\/WhatsApp-Image-2023-08-07-at-13.13.41-683x1024.jpg 683w, https:\/\/corrientesdetarde.com\/wp-content\/uploads\/2023\/08\/WhatsApp-Image-2023-08-07-at-13.13.41-200x300.jpg 200w, https:\/\/corrientesdetarde.com\/wp-content\/uploads\/2023\/08\/WhatsApp-Image-2023-08-07-at-13.13.41-768x1152.jpg 768w, https:\/\/corrientesdetarde.com\/wp-content\/uploads\/2023\/08\/WhatsApp-Image-2023-08-07-at-13.13.41-1024x1536.jpg 1024w, https:\/\/corrientesdetarde.com\/wp-content\/uploads\/2023\/08\/WhatsApp-Image-2023-08-07-at-13.13.41.jpg 1066w\" sizes=\"auto, (max-width: 683px) 100vw, 683px\" \/><\/figure>\n<\/div>","protected":false},"excerpt":{"rendered":"<p>En la Plaza de armas del Escuadr\u00f3n 48, se realiz\u00f3 el acto central con motivo del 85 aniversario de la Creaci\u00f3n de la fuerza, el 28 de julio de 1938.&hellip; <\/p>\n","protected":false},"author":1,"featured_media":78914,"comment_status":"closed","ping_status":"open","sticky":false,"template":"","format":"standard","meta":{"footnotes":""},"categories":[22,8],"tags":[],"class_list":["post-78910","post","type-post","status-publish","format-standard","has-post-thumbnail","hentry","category-eventos","category-locales"],"_links":{"self":[{"href":"https:\/\/corrientesdetarde.com\/index.php\/wp-json\/wp\/v2\/posts\/78910","targetHints":{"allow":["GET"]}}],"collection":[{"href":"https:\/\/corrientesdetarde.com\/index.php\/wp-json\/wp\/v2\/posts"}],"about":[{"href":"https:\/\/corrientesdetarde.com\/index.php\/wp-json\/wp\/v2\/types\/post"}],"author":[{"embeddable":true,"href":"https:\/\/corrientesdetarde.com\/index.php\/wp-json\/wp\/v2\/users\/1"}],"replies":[{"embeddable":true,"href":"https:\/\/corrientesdetarde.com\/index.php\/wp-json\/wp\/v2\/comments?post=78910"}],"version-history":[{"count":1,"href":"https:\/\/corrientesdetarde.com\/index.php\/wp-json\/wp\/v2\/posts\/78910\/revisions"}],"predecessor-version":[{"id":78915,"href":"https:\/\/corrientesdetarde.com\/index.php\/wp-json\/wp\/v2\/posts\/78910\/revisions\/78915"}],"wp:featuredmedia":[{"embeddable":true,"href":"https:\/\/corrientesdetarde.com\/index.php\/wp-json\/wp\/v2\/media\/78914"}],"wp:attachment":[{"href":"https:\/\/corrientesdetarde.com\/index.php\/wp-json\/wp\/v2\/media?parent=78910"}],"wp:term":[{"taxonomy":"category","embeddable":true,"href":"https:\/\/corrientesdetarde.com\/index.php\/wp-json\/wp\/v2\/categories?post=78910"},{"taxonomy":"post_tag","embeddable":true,"href":"https:\/\/corrientesdetarde.com\/index.php\/wp-json\/wp\/v2\/tags?post=78910"}],"curies":[{"name":"wp","href":"https:\/\/api.w.org\/{rel}","templated":true}]}}