{"id":78933,"date":"2023-08-07T14:26:59","date_gmt":"2023-08-07T17:26:59","guid":{"rendered":"https:\/\/corrientesdetarde.com\/?p=78933"},"modified":"2023-08-07T14:27:03","modified_gmt":"2023-08-07T17:27:03","slug":"la-policia-y-personal-de-flora-y-fauna-secuestro-elementos-de-caza-y-demoro-a-dos-personas","status":"publish","type":"post","link":"https:\/\/corrientesdetarde.com\/index.php\/crimen-y-justicia\/la-policia-y-personal-de-flora-y-fauna-secuestro-elementos-de-caza-y-demoro-a-dos-personas\/","title":{"rendered":"La Polic\u00eda y personal de Flora y Fauna secuestr\u00f3 elementos de caza y demor\u00f3 a dos personas."},"content":{"rendered":"\n<p>Efectivos policiales de la Unidad Especial de Seguridad Rural y Ecol\u00f3gica de Curuzu Cuatia en<br>colaboraci\u00f3n con las autoridades judiciales en turno y en forma conjunta con personal de Flora y Fauna<br>en horas de la noche de ayer secuestraron varios elementos y animales caninos utilizados para zaca,<br>existen personas demoradas.<br>El procedimiento, lo llevaron a cabo alrededor de las 21:00 horas, m\u00e1s precisamente en el<br>control policial \u201cEl Descanso\u201d , donde procedieron a detener la marcha de una camioneta marca<br>Volkswagen Amarok , y en el interior del mismo el secuestro preventivo de varios elementos como ser:<br>cuchillos, conservadora, municiones varias, linternas, astas de ciervo axis, un GPS, as\u00ed tambi\u00e9n a la<br>demora de siete personas mayores de edad.<br>Al respecto, lo secuestrado y las personas demoradas fueron puestos a disposici\u00f3n de la justicia<br>a fin de continuar con las diligencias del caso.<\/p>\n\n\n\n<figure class=\"wp-block-image size-large\"><img loading=\"lazy\" decoding=\"async\" width=\"1024\" height=\"576\" src=\"https:\/\/corrientesdetarde.com\/wp-content\/uploads\/2023\/08\/priar-CURUZU-1-1024x576.jpeg\" alt=\"\" class=\"wp-image-78935\" srcset=\"https:\/\/corrientesdetarde.com\/wp-content\/uploads\/2023\/08\/priar-CURUZU-1-1024x576.jpeg 1024w, https:\/\/corrientesdetarde.com\/wp-content\/uploads\/2023\/08\/priar-CURUZU-1-300x169.jpeg 300w, https:\/\/corrientesdetarde.com\/wp-content\/uploads\/2023\/08\/priar-CURUZU-1-768x432.jpeg 768w, https:\/\/corrientesdetarde.com\/wp-content\/uploads\/2023\/08\/priar-CURUZU-1.jpeg 1280w\" sizes=\"auto, (max-width: 1024px) 100vw, 1024px\" \/><\/figure>\n\n\n\n<figure class=\"wp-block-image size-large\"><img loading=\"lazy\" decoding=\"async\" width=\"1024\" height=\"576\" src=\"https:\/\/corrientesdetarde.com\/wp-content\/uploads\/2023\/08\/priar-CURUZU-3-1024x576.jpeg\" alt=\"\" class=\"wp-image-78934\" srcset=\"https:\/\/corrientesdetarde.com\/wp-content\/uploads\/2023\/08\/priar-CURUZU-3-1024x576.jpeg 1024w, https:\/\/corrientesdetarde.com\/wp-content\/uploads\/2023\/08\/priar-CURUZU-3-300x169.jpeg 300w, https:\/\/corrientesdetarde.com\/wp-content\/uploads\/2023\/08\/priar-CURUZU-3-768x432.jpeg 768w, https:\/\/corrientesdetarde.com\/wp-content\/uploads\/2023\/08\/priar-CURUZU-3.jpeg 1280w\" sizes=\"auto, (max-width: 1024px) 100vw, 1024px\" \/><\/figure>\n\n\n\n<figure class=\"wp-block-image size-large\"><img loading=\"lazy\" decoding=\"async\" width=\"1024\" height=\"598\" src=\"https:\/\/corrientesdetarde.com\/wp-content\/uploads\/2023\/08\/priar-CURUZU-4-1024x598.jpeg\" alt=\"\" class=\"wp-image-78937\" srcset=\"https:\/\/corrientesdetarde.com\/wp-content\/uploads\/2023\/08\/priar-CURUZU-4-1024x598.jpeg 1024w, https:\/\/corrientesdetarde.com\/wp-content\/uploads\/2023\/08\/priar-CURUZU-4-300x175.jpeg 300w, https:\/\/corrientesdetarde.com\/wp-content\/uploads\/2023\/08\/priar-CURUZU-4-768x449.jpeg 768w, https:\/\/corrientesdetarde.com\/wp-content\/uploads\/2023\/08\/priar-CURUZU-4.jpeg 1280w\" sizes=\"auto, (max-width: 1024px) 100vw, 1024px\" \/><\/figure>\n\n\n\n<figure class=\"wp-block-image size-large\"><img loading=\"lazy\" decoding=\"async\" width=\"1024\" height=\"576\" src=\"https:\/\/corrientesdetarde.com\/wp-content\/uploads\/2023\/08\/priar-CURUZU-2-1024x576.jpeg\" alt=\"\" class=\"wp-image-78936\" srcset=\"https:\/\/corrientesdetarde.com\/wp-content\/uploads\/2023\/08\/priar-CURUZU-2-1024x576.jpeg 1024w, https:\/\/corrientesdetarde.com\/wp-content\/uploads\/2023\/08\/priar-CURUZU-2-300x169.jpeg 300w, https:\/\/corrientesdetarde.com\/wp-content\/uploads\/2023\/08\/priar-CURUZU-2-768x432.jpeg 768w, https:\/\/corrientesdetarde.com\/wp-content\/uploads\/2023\/08\/priar-CURUZU-2.jpeg 1280w\" sizes=\"auto, (max-width: 1024px) 100vw, 1024px\" \/><\/figure>\n","protected":false},"excerpt":{"rendered":"<p>Efectivos policiales de la Unidad Especial de Seguridad Rural y Ecol\u00f3gica de Curuzu Cuatia encolaboraci\u00f3n con las autoridades judiciales en turno y en forma conjunta con personal de Flora y&hellip; <\/p>\n","protected":false},"author":8,"featured_media":78936,"comment_status":"closed","ping_status":"open","sticky":false,"template":"","format":"standard","meta":{"footnotes":""},"categories":[5],"tags":[],"class_list":["post-78933","post","type-post","status-publish","format-standard","has-post-thumbnail","hentry","category-crimen-y-justicia"],"_links":{"self":[{"href":"https:\/\/corrientesdetarde.com\/index.php\/wp-json\/wp\/v2\/posts\/78933","targetHints":{"allow":["GET"]}}],"collection":[{"href":"https:\/\/corrientesdetarde.com\/index.php\/wp-json\/wp\/v2\/posts"}],"about":[{"href":"https:\/\/corrientesdetarde.com\/index.php\/wp-json\/wp\/v2\/types\/post"}],"author":[{"embeddable":true,"href":"https:\/\/corrientesdetarde.com\/index.php\/wp-json\/wp\/v2\/users\/8"}],"replies":[{"embeddable":true,"href":"https:\/\/corrientesdetarde.com\/index.php\/wp-json\/wp\/v2\/comments?post=78933"}],"version-history":[{"count":1,"href":"https:\/\/corrientesdetarde.com\/index.php\/wp-json\/wp\/v2\/posts\/78933\/revisions"}],"predecessor-version":[{"id":78938,"href":"https:\/\/corrientesdetarde.com\/index.php\/wp-json\/wp\/v2\/posts\/78933\/revisions\/78938"}],"wp:featuredmedia":[{"embeddable":true,"href":"https:\/\/corrientesdetarde.com\/index.php\/wp-json\/wp\/v2\/media\/78936"}],"wp:attachment":[{"href":"https:\/\/corrientesdetarde.com\/index.php\/wp-json\/wp\/v2\/media?parent=78933"}],"wp:term":[{"taxonomy":"category","embeddable":true,"href":"https:\/\/corrientesdetarde.com\/index.php\/wp-json\/wp\/v2\/categories?post=78933"},{"taxonomy":"post_tag","embeddable":true,"href":"https:\/\/corrientesdetarde.com\/index.php\/wp-json\/wp\/v2\/tags?post=78933"}],"curies":[{"name":"wp","href":"https:\/\/api.w.org\/{rel}","templated":true}]}}