{"id":79010,"date":"2023-08-07T19:58:04","date_gmt":"2023-08-07T22:58:04","guid":{"rendered":"https:\/\/corrientesdetarde.com\/?p=79010"},"modified":"2023-08-07T19:58:16","modified_gmt":"2023-08-07T22:58:16","slug":"la-foto-inedita-de-l-gante-que-mostro-su-mama-y-que-causo-revuelo-por-su-apariencia","status":"publish","type":"post","link":"https:\/\/corrientesdetarde.com\/index.php\/espectaculos\/la-foto-inedita-de-l-gante-que-mostro-su-mama-y-que-causo-revuelo-por-su-apariencia\/","title":{"rendered":"La foto in\u00e9dita de L-Gante que mostr\u00f3 su mam\u00e1 y que caus\u00f3 revuelo por su apariencia"},"content":{"rendered":"\n<p>El calvario no se termina, ni siquiera avizora un desenlace pr\u00f3ximo para&nbsp;<strong>L-Gante<\/strong>, que contin\u00faa detenido en una dependencia judicial en Quilmes por los cargos que elevaron en su contra en una causa de supuesta privaci\u00f3n ileg\u00edtima de la libertad.<\/p>\n\n\n\n<p>El tiempo transita y se acumula para superar los dos meses\u00a0detr\u00e1s de las rejas. Una situaci\u00f3n apremiante y que genera mucha angustia en el entorno de Eli\u00e1n Valenzuela, principalmente en su madre\u00a0<strong>Claudia<\/strong>, quien permanece en pleno pie de apoyo incondicional.<br><\/p>\n\n\n\n<p>La madre del cantante visita regularmente el establecimiento en el que atraviesa sus horas m\u00e1s oscuras, esas que se caracterizan por la dilaci\u00f3n en los procesos judiciales, dado que no existe una claridad en lo que respecta al expediente mientras se amontonan los d\u00edas sin gozar de su libertad.<\/p>\n\n\n\n<p>Envuelta en ese amor por L-Gante, ese sol que aterriz\u00f3 en su mundo para modificar para siempre su vida,\u00a0Claudia\u00a0le dedica una infinidad de posteos en sus redes sociales, siempre bajo la consigna de esclarecer su inocencia y replicando mensajes de aliento.<\/p>\n\n\n\n<h2 class=\"wp-block-heading\">LA FOTO DESCONOCIDA DE L-GANTE<\/h2>\n\n\n\n<p>En esa actividad en las plataformas digitales, la actriz comparti\u00f3 con sus seguidores un registro in\u00e9dito de Eli\u00e1n, dado que subi\u00f3 una foto desconocida hasta el momento y que permite percibir la diferencia en\u00a0el aspecto f\u00edsico\u00a0del famoso de esa etapa a la actualidad.<\/p>\n\n\n\n<p>Claudia hurg\u00f3 en el arp\u00f3n de los recuerdos y encontr\u00f3 una instant\u00e1nea de su hijo cuando era un beb\u00e9, apenas un ni\u00f1o, que se configura en una postura amorosa y tierna, sentado en un patio y con una planta de fondo. Al divisar ese material, muchos usuarios de las redes comentaron concepciones como: \u201c<em>Para quienes no creen que Eli\u00e1n es el pap\u00e1 de Jami\u201d o\u201cNi hac\u00eda falta el ADN<\/em>\u201d.<\/p>\n\n\n\n<figure class=\"wp-block-image\"><img decoding=\"async\" src=\"https:\/\/www.paparazzi.com.ar\/wp-content\/uploads\/2023\/08\/Captura-de-pantalla-2023-08-07-a-las-18.43.06.png.webp\" alt=\"La foto in\u00e9dita de L-Gante\" class=\"wp-image-302898\"\/><\/figure>\n","protected":false},"excerpt":{"rendered":"<p>El calvario no se termina, ni siquiera avizora un desenlace pr\u00f3ximo para&nbsp;L-Gante, que contin\u00faa detenido en una dependencia judicial en Quilmes por los cargos que elevaron en su contra en&hellip; <\/p>\n","protected":false},"author":12,"featured_media":79012,"comment_status":"closed","ping_status":"open","sticky":false,"template":"","format":"standard","meta":{"footnotes":""},"categories":[19],"tags":[],"class_list":["post-79010","post","type-post","status-publish","format-standard","has-post-thumbnail","hentry","category-espectaculos"],"_links":{"self":[{"href":"https:\/\/corrientesdetarde.com\/index.php\/wp-json\/wp\/v2\/posts\/79010","targetHints":{"allow":["GET"]}}],"collection":[{"href":"https:\/\/corrientesdetarde.com\/index.php\/wp-json\/wp\/v2\/posts"}],"about":[{"href":"https:\/\/corrientesdetarde.com\/index.php\/wp-json\/wp\/v2\/types\/post"}],"author":[{"embeddable":true,"href":"https:\/\/corrientesdetarde.com\/index.php\/wp-json\/wp\/v2\/users\/12"}],"replies":[{"embeddable":true,"href":"https:\/\/corrientesdetarde.com\/index.php\/wp-json\/wp\/v2\/comments?post=79010"}],"version-history":[{"count":1,"href":"https:\/\/corrientesdetarde.com\/index.php\/wp-json\/wp\/v2\/posts\/79010\/revisions"}],"predecessor-version":[{"id":79013,"href":"https:\/\/corrientesdetarde.com\/index.php\/wp-json\/wp\/v2\/posts\/79010\/revisions\/79013"}],"wp:featuredmedia":[{"embeddable":true,"href":"https:\/\/corrientesdetarde.com\/index.php\/wp-json\/wp\/v2\/media\/79012"}],"wp:attachment":[{"href":"https:\/\/corrientesdetarde.com\/index.php\/wp-json\/wp\/v2\/media?parent=79010"}],"wp:term":[{"taxonomy":"category","embeddable":true,"href":"https:\/\/corrientesdetarde.com\/index.php\/wp-json\/wp\/v2\/categories?post=79010"},{"taxonomy":"post_tag","embeddable":true,"href":"https:\/\/corrientesdetarde.com\/index.php\/wp-json\/wp\/v2\/tags?post=79010"}],"curies":[{"name":"wp","href":"https:\/\/api.w.org\/{rel}","templated":true}]}}