{"id":79017,"date":"2023-08-07T20:50:18","date_gmt":"2023-08-07T23:50:18","guid":{"rendered":"https:\/\/corrientesdetarde.com\/?p=79017"},"modified":"2023-08-07T20:50:29","modified_gmt":"2023-08-07T23:50:29","slug":"valdes-presentara-el-programa-provincial-de-educacion-ambiental-2","status":"publish","type":"post","link":"https:\/\/corrientesdetarde.com\/index.php\/locales\/valdes-presentara-el-programa-provincial-de-educacion-ambiental-2\/","title":{"rendered":"Vald\u00e9s presentar\u00e1 el Programa Provincial de Educaci\u00f3n Ambiental"},"content":{"rendered":"\n<p>Este martes 08, el gobernador Gustavo Vald\u00e9s encabezar\u00e1 la presentaci\u00f3n del Programa Provincial de Educaci\u00f3n Ambiental, en el Sal\u00f3n Amarillo de Casa de Gobierno a las 10 de la ma\u00f1ana. Organiza la Provincia a trav\u00e9s de los Ministerios de Educaci\u00f3n, y Turismo; y el Instituto Correntino del Agua y del Ambiente (ICAA).<\/p>\n\n\n\n<figure class=\"wp-block-image size-full\"><img loading=\"lazy\" decoding=\"async\" width=\"1018\" height=\"789\" src=\"https:\/\/corrientesdetarde.com\/wp-content\/uploads\/2023\/08\/Captura-de-pantalla-2023-08-07-204545.png\" alt=\"\" class=\"wp-image-79028\" srcset=\"https:\/\/corrientesdetarde.com\/wp-content\/uploads\/2023\/08\/Captura-de-pantalla-2023-08-07-204545.png 1018w, https:\/\/corrientesdetarde.com\/wp-content\/uploads\/2023\/08\/Captura-de-pantalla-2023-08-07-204545-300x233.png 300w, https:\/\/corrientesdetarde.com\/wp-content\/uploads\/2023\/08\/Captura-de-pantalla-2023-08-07-204545-768x595.png 768w\" sizes=\"auto, (max-width: 1018px) 100vw, 1018px\" \/><\/figure>\n","protected":false},"excerpt":{"rendered":"<p>Este martes 08, el gobernador Gustavo Vald\u00e9s encabezar\u00e1 la presentaci\u00f3n del Programa Provincial de Educaci\u00f3n Ambiental, en el Sal\u00f3n Amarillo de Casa de Gobierno a las 10 de la ma\u00f1ana.&hellip; <\/p>\n","protected":false},"author":4,"featured_media":79029,"comment_status":"closed","ping_status":"open","sticky":false,"template":"","format":"standard","meta":{"footnotes":""},"categories":[8],"tags":[],"class_list":["post-79017","post","type-post","status-publish","format-standard","has-post-thumbnail","hentry","category-locales"],"_links":{"self":[{"href":"https:\/\/corrientesdetarde.com\/index.php\/wp-json\/wp\/v2\/posts\/79017","targetHints":{"allow":["GET"]}}],"collection":[{"href":"https:\/\/corrientesdetarde.com\/index.php\/wp-json\/wp\/v2\/posts"}],"about":[{"href":"https:\/\/corrientesdetarde.com\/index.php\/wp-json\/wp\/v2\/types\/post"}],"author":[{"embeddable":true,"href":"https:\/\/corrientesdetarde.com\/index.php\/wp-json\/wp\/v2\/users\/4"}],"replies":[{"embeddable":true,"href":"https:\/\/corrientesdetarde.com\/index.php\/wp-json\/wp\/v2\/comments?post=79017"}],"version-history":[{"count":1,"href":"https:\/\/corrientesdetarde.com\/index.php\/wp-json\/wp\/v2\/posts\/79017\/revisions"}],"predecessor-version":[{"id":79030,"href":"https:\/\/corrientesdetarde.com\/index.php\/wp-json\/wp\/v2\/posts\/79017\/revisions\/79030"}],"wp:featuredmedia":[{"embeddable":true,"href":"https:\/\/corrientesdetarde.com\/index.php\/wp-json\/wp\/v2\/media\/79029"}],"wp:attachment":[{"href":"https:\/\/corrientesdetarde.com\/index.php\/wp-json\/wp\/v2\/media?parent=79017"}],"wp:term":[{"taxonomy":"category","embeddable":true,"href":"https:\/\/corrientesdetarde.com\/index.php\/wp-json\/wp\/v2\/categories?post=79017"},{"taxonomy":"post_tag","embeddable":true,"href":"https:\/\/corrientesdetarde.com\/index.php\/wp-json\/wp\/v2\/tags?post=79017"}],"curies":[{"name":"wp","href":"https:\/\/api.w.org\/{rel}","templated":true}]}}