{"id":79131,"date":"2023-08-08T09:52:35","date_gmt":"2023-08-08T12:52:35","guid":{"rendered":"https:\/\/corrientesdetarde.com\/?p=79131"},"modified":"2023-08-08T09:52:56","modified_gmt":"2023-08-08T12:52:56","slug":"vecinos-atacaron-a-los-policias-en-un-barrio-de-corrientes-y-lograron-que-un-ladron-se-de-a-la-fuga","status":"publish","type":"post","link":"https:\/\/corrientesdetarde.com\/index.php\/policiales\/vecinos-atacaron-a-los-policias-en-un-barrio-de-corrientes-y-lograron-que-un-ladron-se-de-a-la-fuga\/","title":{"rendered":"vecinos atacaron a los polic\u00edas en un barrio de corrientes y lograron que un ladr\u00f3n se de a la fuga"},"content":{"rendered":"\n<p>Un grupo de vecinos atac\u00f3 a los polic\u00edas y lograron que&nbsp;un ladr\u00f3n se de a la fuga en la ciudad de Corrientes, informaron este martes fuentes de la fuerza.&nbsp;<\/p>\n\n\n\n<p>Seg\u00fan se\u00f1alaron, el hecho ocurri\u00f3 durante la madrugada del lunes en el barrio Quinta Ferr\u00e9 a la altura de la avenida Armenia, cuando los efectivos sorprendieron a dos j\u00f3venes intentando forzar el port\u00f3n de una casa.&nbsp;<\/p>\n\n\n\n<p>En ese momento, lograron reducir a uno de los sujetos, mientras que el otro logr\u00f3 escapar amparado por numerosos vecinos que comenzaron a arrojar piedras hacia los polic\u00edas.&nbsp;<\/p>\n\n\n\n<p>De todos modos llevaron al aprehendido hasta la Comisar\u00eda Quinta Urbana, donde lo identificaron como C. Villalba, quien posee antecedentes por robos y hurtos.&nbsp;<\/p>\n\n\n\n<figure class=\"wp-block-image\"><img decoding=\"async\" src=\"https:\/\/pxc.cdn.ellitoral.com.ar\/litoral\/082023\/1691495929790.webp?cw=1011&amp;ch=1133&amp;extw=jpg\" alt=\"Corrientes: vecinos atacaron a los polic\u00edas y lograron que un ladr\u00f3n se de a la fuga\"\/><\/figure>\n","protected":false},"excerpt":{"rendered":"<p>Un grupo de vecinos atac\u00f3 a los polic\u00edas y lograron que&nbsp;un ladr\u00f3n se de a la fuga en la ciudad de Corrientes, informaron este martes fuentes de la fuerza.&nbsp; Seg\u00fan&hellip; <\/p>\n","protected":false},"author":1,"featured_media":79138,"comment_status":"closed","ping_status":"open","sticky":false,"template":"","format":"standard","meta":{"footnotes":""},"categories":[33],"tags":[],"class_list":["post-79131","post","type-post","status-publish","format-standard","has-post-thumbnail","hentry","category-policiales"],"_links":{"self":[{"href":"https:\/\/corrientesdetarde.com\/index.php\/wp-json\/wp\/v2\/posts\/79131","targetHints":{"allow":["GET"]}}],"collection":[{"href":"https:\/\/corrientesdetarde.com\/index.php\/wp-json\/wp\/v2\/posts"}],"about":[{"href":"https:\/\/corrientesdetarde.com\/index.php\/wp-json\/wp\/v2\/types\/post"}],"author":[{"embeddable":true,"href":"https:\/\/corrientesdetarde.com\/index.php\/wp-json\/wp\/v2\/users\/1"}],"replies":[{"embeddable":true,"href":"https:\/\/corrientesdetarde.com\/index.php\/wp-json\/wp\/v2\/comments?post=79131"}],"version-history":[{"count":1,"href":"https:\/\/corrientesdetarde.com\/index.php\/wp-json\/wp\/v2\/posts\/79131\/revisions"}],"predecessor-version":[{"id":79139,"href":"https:\/\/corrientesdetarde.com\/index.php\/wp-json\/wp\/v2\/posts\/79131\/revisions\/79139"}],"wp:featuredmedia":[{"embeddable":true,"href":"https:\/\/corrientesdetarde.com\/index.php\/wp-json\/wp\/v2\/media\/79138"}],"wp:attachment":[{"href":"https:\/\/corrientesdetarde.com\/index.php\/wp-json\/wp\/v2\/media?parent=79131"}],"wp:term":[{"taxonomy":"category","embeddable":true,"href":"https:\/\/corrientesdetarde.com\/index.php\/wp-json\/wp\/v2\/categories?post=79131"},{"taxonomy":"post_tag","embeddable":true,"href":"https:\/\/corrientesdetarde.com\/index.php\/wp-json\/wp\/v2\/tags?post=79131"}],"curies":[{"name":"wp","href":"https:\/\/api.w.org\/{rel}","templated":true}]}}