{"id":79133,"date":"2023-08-08T09:25:46","date_gmt":"2023-08-08T12:25:46","guid":{"rendered":"https:\/\/corrientesdetarde.com\/?p=79133"},"modified":"2023-08-08T09:25:57","modified_gmt":"2023-08-08T12:25:57","slug":"determinaron-los-motivos-que-provocaron-el-incendio-en-una-floreria","status":"publish","type":"post","link":"https:\/\/corrientesdetarde.com\/index.php\/policiales\/determinaron-los-motivos-que-provocaron-el-incendio-en-una-floreria\/","title":{"rendered":"Determinaron los motivos que provocaron el incendio en una florer\u00eda"},"content":{"rendered":"\n<p>El due\u00f1o de la tradicional florer\u00eda que se incendi\u00f3 en el centro de Corrientes, Leonardo Fern\u00e1ndez, dialog\u00f3 este lunes con el programa Hoja de ruta para El Litoral Radio y hablo de las razones que generaron el fuego foco \u00edgneo.&nbsp;<\/p>\n\n\n\n<p>Cabe destacar que, el incendio&nbsp;se registr\u00f3 en la madrugada del lunes en el comercio ubicado sobre calle La Rioja, entre Quintana y 25 de Mayo de la capital correntina.&nbsp;<\/p>\n\n\n\n<p>En este marco, Fern\u00e1ndez coment\u00f3 que los peritos que estuvieron en el lugar&nbsp;determinaron que el fuego se dio porque las&nbsp;&nbsp;<strong>instalaciones el\u00e9ctricas eran muy viejas.<\/strong>&nbsp;<\/p>\n\n\n\n<p>\u201cAl ser instalaciones viejas que ven\u00eda embutiendo&nbsp;la conversi\u00f3n de luz,&nbsp; gener\u00f3 un&nbsp;filtro de&nbsp;agua e hizo una masa que provoc\u00f3&nbsp;una explosi\u00f3n\u201d, dijo.&nbsp;<\/p>\n\n\n\n<figure class=\"wp-block-image\"><img decoding=\"async\" src=\"https:\/\/pxc.cdn.ellitoral.com.ar\/litoral\/082023\/1691495952823\/WhatsApp%20Image%202023-08-08%20at%2007.55.09%20(1).webp?cw=1200&amp;ch=900&amp;extw=jpeg\" alt=\"Determinaron los motivos que provocaron el incendio en una florer\u00eda \"\/><\/figure>\n\n\n\n<p>Destac\u00f3 que al respecto no se va a llevar una cuesti\u00f3n judicial&nbsp; porque&nbsp; &nbsp;<strong>\u201cqued\u00f3 constatado en la pericias que fue un accidente y que no fue nada provocado\u201d.&nbsp;<\/strong><\/p>\n\n\n\n<p>Por tal motivo, desde la florer\u00eda iniciaron una solicitud de colaboraci\u00f3n para poder afrontar los destrozos que les dej\u00f3 el fuego.&nbsp;<\/p>\n\n\n\n<p>De esta manera, quienes puedan colaborar podr\u00e1n hacerlo a trav\u00e9s de el&nbsp;&nbsp;<strong>CVU: 0000003100050483083311 o mediante el alias de Mercado Pago: leof2019.&nbsp;<\/strong><\/p>\n","protected":false},"excerpt":{"rendered":"<p>El due\u00f1o de la tradicional florer\u00eda que se incendi\u00f3 en el centro de Corrientes, Leonardo Fern\u00e1ndez, dialog\u00f3 este lunes con el programa Hoja de ruta para El Litoral Radio y&hellip; <\/p>\n","protected":false},"author":1,"featured_media":79134,"comment_status":"closed","ping_status":"open","sticky":false,"template":"","format":"standard","meta":{"footnotes":""},"categories":[33],"tags":[],"class_list":["post-79133","post","type-post","status-publish","format-standard","has-post-thumbnail","hentry","category-policiales"],"_links":{"self":[{"href":"https:\/\/corrientesdetarde.com\/index.php\/wp-json\/wp\/v2\/posts\/79133","targetHints":{"allow":["GET"]}}],"collection":[{"href":"https:\/\/corrientesdetarde.com\/index.php\/wp-json\/wp\/v2\/posts"}],"about":[{"href":"https:\/\/corrientesdetarde.com\/index.php\/wp-json\/wp\/v2\/types\/post"}],"author":[{"embeddable":true,"href":"https:\/\/corrientesdetarde.com\/index.php\/wp-json\/wp\/v2\/users\/1"}],"replies":[{"embeddable":true,"href":"https:\/\/corrientesdetarde.com\/index.php\/wp-json\/wp\/v2\/comments?post=79133"}],"version-history":[{"count":1,"href":"https:\/\/corrientesdetarde.com\/index.php\/wp-json\/wp\/v2\/posts\/79133\/revisions"}],"predecessor-version":[{"id":79135,"href":"https:\/\/corrientesdetarde.com\/index.php\/wp-json\/wp\/v2\/posts\/79133\/revisions\/79135"}],"wp:featuredmedia":[{"embeddable":true,"href":"https:\/\/corrientesdetarde.com\/index.php\/wp-json\/wp\/v2\/media\/79134"}],"wp:attachment":[{"href":"https:\/\/corrientesdetarde.com\/index.php\/wp-json\/wp\/v2\/media?parent=79133"}],"wp:term":[{"taxonomy":"category","embeddable":true,"href":"https:\/\/corrientesdetarde.com\/index.php\/wp-json\/wp\/v2\/categories?post=79133"},{"taxonomy":"post_tag","embeddable":true,"href":"https:\/\/corrientesdetarde.com\/index.php\/wp-json\/wp\/v2\/tags?post=79133"}],"curies":[{"name":"wp","href":"https:\/\/api.w.org\/{rel}","templated":true}]}}