{"id":7914,"date":"2022-10-02T20:16:50","date_gmt":"2022-10-02T23:16:50","guid":{"rendered":"https:\/\/corrientesdetarde.com\/?p=7914"},"modified":"2022-10-02T20:16:54","modified_gmt":"2022-10-02T23:16:54","slug":"cerraron-las-elecciones-en-independiente","status":"publish","type":"post","link":"https:\/\/corrientesdetarde.com\/index.php\/deportes\/cerraron-las-elecciones-en-independiente\/","title":{"rendered":"Cerraron las elecciones en Independiente."},"content":{"rendered":"\n<p>Javier Mazza, Fabi\u00e1n Doman y Claudio Rudecindo son los candidatos que compitieron por ese cargo.<\/p>\n\n\n\n<p>Tres listas, una emparentada con el oficialismo y las otras dos enroladas dentro de la oposici\u00f3n, compitieron este domingo en\u00a0<strong>Independiente\u00a0<\/strong>para\u00a0<strong>gobernar el club de Avellaneda durante los pr\u00f3ximos cuatro a\u00f1os<\/strong>.<\/p>\n\n\n\n<p><strong>Los primeros reportes desde el lugar dan al periodista Fabian Doman como ganador<\/strong>, con una amplia ventaja por sobre sus competidores. En los pr\u00f3cimos minutos se conocer\u00e1n los primeros n\u00fameros oficiales.<\/p>\n\n\n\n<p>El ciclo que encabez\u00f3 el hasta este domingo presidente,\u00a0<strong>Hugo Moyano<\/strong>, llega as\u00ed a su cierre luego de\u00a0<strong>ocho a\u00f1os\u00a0<\/strong>en los que\u00a0<strong>pas\u00f3 del respaldo casi un\u00e1nime (gan\u00f3 la reelecci\u00f3n en 2017 con casi el 89% de los votos) al rechazo\u00a0<\/strong>de una gran parte de los hinchas del Rojo.<\/p>\n\n\n\n<p><strong>A partir de las 9 y hasta las 19 (se extendi\u00f3 una hora m\u00e1s)<\/strong>, en la sede social de avenida<strong>\u00a0Mitre 470\u00a0<\/strong>(Avellaneda),\u00a0<strong>48.666 socios estuvieron en condiciones de elegir al nuevo titular de la entidad<\/strong>. Hubo un\u00a0<strong>riguroso operativo de seguridad<\/strong>, que comprendi\u00f3 a 360 efectivos de la Polic\u00eda bonaerense.<\/p>\n\n\n\n<figure class=\"wp-block-image size-large\"><img loading=\"lazy\" decoding=\"async\" width=\"1024\" height=\"768\" src=\"https:\/\/corrientesdetarde.com\/wp-content\/uploads\/2022\/10\/GBF2UJSAGREDDEURA5ZKPW3J4Y-1024x768.jpeg\" alt=\"\" class=\"wp-image-7915\" srcset=\"https:\/\/corrientesdetarde.com\/wp-content\/uploads\/2022\/10\/GBF2UJSAGREDDEURA5ZKPW3J4Y-1024x768.jpeg 1024w, https:\/\/corrientesdetarde.com\/wp-content\/uploads\/2022\/10\/GBF2UJSAGREDDEURA5ZKPW3J4Y-300x225.jpeg 300w, https:\/\/corrientesdetarde.com\/wp-content\/uploads\/2022\/10\/GBF2UJSAGREDDEURA5ZKPW3J4Y-768x576.jpeg 768w, https:\/\/corrientesdetarde.com\/wp-content\/uploads\/2022\/10\/GBF2UJSAGREDDEURA5ZKPW3J4Y.jpeg 1440w\" sizes=\"auto, (max-width: 1024px) 100vw, 1024px\" \/><figcaption>Hubo colas de casi 10 cuadras de hinchas que se acercaron para emitir su voto.<\/figcaption><\/figure>\n\n\n\n<p>El acto democr\u00e1tico se llev\u00f3 a cabo con total normalidad y hubo<strong>&nbsp;colas que alcanzaron las 10 cuadras<\/strong>, con hinchas dispuestos a emitir el voto.<\/p>\n\n\n\n<h2 class=\"wp-block-heading\">Qui\u00e9nes son los candidatos que se presentaron en Independiente<\/h2>\n\n\n\n<p>El economista<strong>\u00a0Javier Mazza<\/strong>\u00a0(56 a\u00f1os) encabezar\u00e1 la f\u00f3rmula de \u201c<strong>Agrupaci\u00f3n Independiente<\/strong>\u201d, vinculada al actual oficialismo o, por lo menos, con algunos integrantes de la n\u00f3mina que supieron pasar por alguna de las dos Comisiones Directivas que comand\u00f3 Moyano. Estar\u00e1 acompa\u00f1ado por<strong>\u00a0Gustavo L\u00f3pez<\/strong>\u00a0(segundo en la escala jer\u00e1rquica del Ente Nacional de Comunicaciones) y\u00a0<strong>Juan Manuel G\u00e1lvez\u00a0<\/strong>(funcionario en la Municipalidad de Avellaneda).<\/p>\n\n\n\n<p>Por su lado, el periodista radial y televisivo\u00a0<strong>Fabi\u00e1n Doman<\/strong>\u00a0(58) ir\u00e1 al frente por el n\u00facleo llamado \u201c<strong>Unidad Independiente<\/strong>\u201d. Con un perfil claramente antag\u00f3nico a la actual gesti\u00f3n, tiene como laderos a\u00a0<strong>N\u00e9stor Grindetti<\/strong>\u00a0(actual Intendente de Lan\u00fas y referente provincial del PRO) y<strong>\u00a0Juan Marconi<\/strong>\u00a0(periodista, es hijo de Guillermo, ex\u00e1rbitro y fundador del Sadra).<\/p>\n\n\n\n<p>La tercera n\u00f3mina se identifica dentro del espacio \u201c<strong>Gente de Independiente<\/strong>\u201d y es encabezada por el martillero p\u00fablico<strong>\u00a0Claudio Rudecindo<\/strong>\u00a0(58), quien est\u00e1 acompa\u00f1ado por\u00a0<strong>Roberto Bustamante<\/strong>\u00a0(postulante a vicepresidente primero) y\u00a0<strong>Rodrigo Gadano<\/strong>\u00a0(abogado y periodista, a vicepresidente segundo).<\/p>\n\n\n\n<figure class=\"wp-block-image size-large\"><img loading=\"lazy\" decoding=\"async\" width=\"1024\" height=\"573\" src=\"https:\/\/corrientesdetarde.com\/wp-content\/uploads\/2022\/10\/HAFG73ESV5BNVP53H7P5A2EI7A-1024x573.jpg\" alt=\"\" class=\"wp-image-7916\" srcset=\"https:\/\/corrientesdetarde.com\/wp-content\/uploads\/2022\/10\/HAFG73ESV5BNVP53H7P5A2EI7A-1024x573.jpg 1024w, https:\/\/corrientesdetarde.com\/wp-content\/uploads\/2022\/10\/HAFG73ESV5BNVP53H7P5A2EI7A-300x168.jpg 300w, https:\/\/corrientesdetarde.com\/wp-content\/uploads\/2022\/10\/HAFG73ESV5BNVP53H7P5A2EI7A-768x430.jpg 768w, https:\/\/corrientesdetarde.com\/wp-content\/uploads\/2022\/10\/HAFG73ESV5BNVP53H7P5A2EI7A.jpg 1440w\" sizes=\"auto, (max-width: 1024px) 100vw, 1024px\" \/><\/figure>\n\n\n\n<p>Jaqueado por un presente deportivo por irregular y\u00a0<strong>ensombrecido por una actualidad econ\u00f3mica<\/strong>\u00a0que llev\u00f3 a aprobar una Memoria y Balance con m\u00e1s de 4500 millones de pesos de pasivo, el club de Avellaneda\u00a0<strong>defini\u00f3 este domingo el rumbo\u00a0<\/strong>que tomar\u00e1 en el proceso de reconstrucci\u00f3n.<\/p>\n","protected":false},"excerpt":{"rendered":"<p>Javier Mazza, Fabi\u00e1n Doman y Claudio Rudecindo son los candidatos que compitieron por ese cargo. Tres listas, una emparentada con el oficialismo y las otras dos enroladas dentro de la&hellip; <\/p>\n","protected":false},"author":6,"featured_media":7917,"comment_status":"closed","ping_status":"open","sticky":false,"template":"","format":"standard","meta":{"footnotes":""},"categories":[4],"tags":[],"class_list":["post-7914","post","type-post","status-publish","format-standard","has-post-thumbnail","hentry","category-deportes"],"_links":{"self":[{"href":"https:\/\/corrientesdetarde.com\/index.php\/wp-json\/wp\/v2\/posts\/7914","targetHints":{"allow":["GET"]}}],"collection":[{"href":"https:\/\/corrientesdetarde.com\/index.php\/wp-json\/wp\/v2\/posts"}],"about":[{"href":"https:\/\/corrientesdetarde.com\/index.php\/wp-json\/wp\/v2\/types\/post"}],"author":[{"embeddable":true,"href":"https:\/\/corrientesdetarde.com\/index.php\/wp-json\/wp\/v2\/users\/6"}],"replies":[{"embeddable":true,"href":"https:\/\/corrientesdetarde.com\/index.php\/wp-json\/wp\/v2\/comments?post=7914"}],"version-history":[{"count":1,"href":"https:\/\/corrientesdetarde.com\/index.php\/wp-json\/wp\/v2\/posts\/7914\/revisions"}],"predecessor-version":[{"id":7918,"href":"https:\/\/corrientesdetarde.com\/index.php\/wp-json\/wp\/v2\/posts\/7914\/revisions\/7918"}],"wp:featuredmedia":[{"embeddable":true,"href":"https:\/\/corrientesdetarde.com\/index.php\/wp-json\/wp\/v2\/media\/7917"}],"wp:attachment":[{"href":"https:\/\/corrientesdetarde.com\/index.php\/wp-json\/wp\/v2\/media?parent=7914"}],"wp:term":[{"taxonomy":"category","embeddable":true,"href":"https:\/\/corrientesdetarde.com\/index.php\/wp-json\/wp\/v2\/categories?post=7914"},{"taxonomy":"post_tag","embeddable":true,"href":"https:\/\/corrientesdetarde.com\/index.php\/wp-json\/wp\/v2\/tags?post=7914"}],"curies":[{"name":"wp","href":"https:\/\/api.w.org\/{rel}","templated":true}]}}