{"id":79145,"date":"2023-08-08T10:25:46","date_gmt":"2023-08-08T13:25:46","guid":{"rendered":"https:\/\/corrientesdetarde.com\/?p=79145"},"modified":"2023-08-08T10:25:49","modified_gmt":"2023-08-08T13:25:49","slug":"tenia-una-perimetral-por-violento-pero-seguia-viviendo-en-la-casa-de-la-novia-y-la-mato","status":"publish","type":"post","link":"https:\/\/corrientesdetarde.com\/index.php\/crimen-y-justicia\/tenia-una-perimetral-por-violento-pero-seguia-viviendo-en-la-casa-de-la-novia-y-la-mato\/","title":{"rendered":"Ten\u00eda una perimetral por violento, pero segu\u00eda viviendo en la casa de la novia y la mat\u00f3"},"content":{"rendered":"\n<p><br>Brunella Yemi Curie Centeno viv\u00eda con un bot\u00f3n antip\u00e1nico desde el 14 de julio pasado, cuando denunci\u00f3 por violencia de g\u00e9nero a su pareja, Nahuel Maximiliano Shunk. La Justicia orden\u00f3 entonces una restricci\u00f3n perimetral, pero la medida no se cumpli\u00f3. Ambos volvieron a convivir en una casa de la ciudad de Tandil y el \u00faltimo fin de semana, en medio de una discusi\u00f3n, \u00e9l la estrangul\u00f3.<\/p>\n\n\n\n<p>El femicidio de Brunella fue descubierto el domingo a la ma\u00f1ana, despu\u00e9s de que Shunk se presentara espont\u00e1neamente en la comisar\u00eda 2da. y confesara ante los polic\u00edas que hab\u00eda matado a su novia.<\/p>\n\n\n\n<p>Los efectivos se trasladaron en ese momento hasta el domicilio que compart\u00eda la pareja en la calle Pellegrini al 1700. La mujer estaba sobre la cama agonizando, por lo que la llevaron de urgencia al hospital m\u00e1s cercano en un intento por salvarla. No obstante, muri\u00f3 en el camino.<\/p>\n\n\n\n<p>&nbsp;M\u00e1s tarde se conoci\u00f3 el informe de los forenses que practicaron la autopsia de la v\u00edctima, quienes determinaron que muri\u00f3 a causa de una asfixia mec\u00e1nica. Es decir, el femicida la ahorc\u00f3 hasta matarla.<\/p>\n\n\n\n<p>En tanto, Shunk qued\u00f3 detenido a disposici\u00f3n del fiscal Jos\u00e9 Marcos Eguzquiza, a cargo de la Unidad Funcional de Instrucci\u00f3n (UFI) 21 de Tandil, quien este lunes lo indag\u00f3 por el delito de &#8220;homicidio agravado por haber sido cometido por un hombre contra una mujer mediando violencia de g\u00e9nero (femicidio)&#8221;. Sin embargo, el acusado se neg\u00f3 a declarar y seguir\u00e1 detenido a la orden de la jueza de Garant\u00edas 2, Stella Maris Aracil.<\/p>\n\n\n<div class=\"wp-block-image\">\n<figure class=\"aligncenter size-full\"><img loading=\"lazy\" decoding=\"async\" width=\"360\" height=\"240\" src=\"https:\/\/corrientesdetarde.com\/wp-content\/uploads\/2023\/08\/image-227.png\" alt=\"\" class=\"wp-image-79146\" srcset=\"https:\/\/corrientesdetarde.com\/wp-content\/uploads\/2023\/08\/image-227.png 360w, https:\/\/corrientesdetarde.com\/wp-content\/uploads\/2023\/08\/image-227-300x200.png 300w\" sizes=\"auto, (max-width: 360px) 100vw, 360px\" \/><\/figure>\n<\/div>\n\n\n<p><strong>Tandil de duelo por Brunella<\/strong><\/p>\n\n\n\n<p><br>La v\u00edctima hab\u00eda sido alumna en el Conservatorio de M\u00fasica Isa\u00edas Orbe de Tandil, que emiti\u00f3 un comunicado en las redes sociales en el que se\u00f1al\u00f3 que &#8220;acompa\u00f1a en este doloroso momento a la familia de Brunella&#8221; y repudi\u00f3 &#8220;en\u00e9rgicamente su femicidio pidiendo justicia&#8221; por la joven.<\/p>\n\n\n\n<p>Tambi\u00e9n se expres\u00f3 por redes la concejala Daiana Esnaloa, quien public\u00f3 en su Facebook un afiche de con la leyenda &#8220;Justicia por Brunella&#8221; y el lema &#8220;ni una menos, vivas nos queremos&#8221;.<\/p>\n\n\n\n<p>&#8220;Con toda la bronca con la que nos organizamos todos los d\u00edas para construir un mundo sin violencias machistas, gritamos y exigimos Ni Una Menos! Justicia para Brunella y para todas las v\u00edctimas de femicidio!&#8221;, indic\u00f3 y agreg\u00f3: &#8220;Seguimos reclamando al Estado respuestas, y medidas de protecci\u00f3n efectivas. Hartas de las estad\u00edsticas que muestran el aumento de los casos de violencia, y de saber que todos los d\u00edas nos falta otra compa\u00f1era, que muere en manos de un femicida&#8221;.<\/p>\n","protected":false},"excerpt":{"rendered":"<p>Brunella Yemi Curie Centeno viv\u00eda con un bot\u00f3n antip\u00e1nico desde el 14 de julio pasado, cuando denunci\u00f3 por violencia de g\u00e9nero a su pareja, Nahuel Maximiliano Shunk. La Justicia orden\u00f3&hellip; <\/p>\n","protected":false},"author":1,"featured_media":79147,"comment_status":"closed","ping_status":"open","sticky":false,"template":"","format":"standard","meta":{"footnotes":""},"categories":[5],"tags":[],"class_list":["post-79145","post","type-post","status-publish","format-standard","has-post-thumbnail","hentry","category-crimen-y-justicia"],"_links":{"self":[{"href":"https:\/\/corrientesdetarde.com\/index.php\/wp-json\/wp\/v2\/posts\/79145","targetHints":{"allow":["GET"]}}],"collection":[{"href":"https:\/\/corrientesdetarde.com\/index.php\/wp-json\/wp\/v2\/posts"}],"about":[{"href":"https:\/\/corrientesdetarde.com\/index.php\/wp-json\/wp\/v2\/types\/post"}],"author":[{"embeddable":true,"href":"https:\/\/corrientesdetarde.com\/index.php\/wp-json\/wp\/v2\/users\/1"}],"replies":[{"embeddable":true,"href":"https:\/\/corrientesdetarde.com\/index.php\/wp-json\/wp\/v2\/comments?post=79145"}],"version-history":[{"count":1,"href":"https:\/\/corrientesdetarde.com\/index.php\/wp-json\/wp\/v2\/posts\/79145\/revisions"}],"predecessor-version":[{"id":79148,"href":"https:\/\/corrientesdetarde.com\/index.php\/wp-json\/wp\/v2\/posts\/79145\/revisions\/79148"}],"wp:featuredmedia":[{"embeddable":true,"href":"https:\/\/corrientesdetarde.com\/index.php\/wp-json\/wp\/v2\/media\/79147"}],"wp:attachment":[{"href":"https:\/\/corrientesdetarde.com\/index.php\/wp-json\/wp\/v2\/media?parent=79145"}],"wp:term":[{"taxonomy":"category","embeddable":true,"href":"https:\/\/corrientesdetarde.com\/index.php\/wp-json\/wp\/v2\/categories?post=79145"},{"taxonomy":"post_tag","embeddable":true,"href":"https:\/\/corrientesdetarde.com\/index.php\/wp-json\/wp\/v2\/tags?post=79145"}],"curies":[{"name":"wp","href":"https:\/\/api.w.org\/{rel}","templated":true}]}}