{"id":79174,"date":"2023-08-08T14:21:20","date_gmt":"2023-08-08T17:21:20","guid":{"rendered":"https:\/\/corrientesdetarde.com\/?p=79174"},"modified":"2023-08-08T15:17:27","modified_gmt":"2023-08-08T18:17:27","slug":"valdes-encabezo-la-presentacion-del-programa-provincial-de-educacion-ambiental-apuntando-a-un-futuro-sostenible","status":"publish","type":"post","link":"https:\/\/corrientesdetarde.com\/index.php\/locales\/valdes-encabezo-la-presentacion-del-programa-provincial-de-educacion-ambiental-apuntando-a-un-futuro-sostenible\/","title":{"rendered":"Vald\u00e9s encabez\u00f3 la presentaci\u00f3n del Programa Provincial de Educaci\u00f3n Ambiental, apuntando a un futuro sostenible"},"content":{"rendered":"\n<p>El gobernador de Corrientes, Gustavo Vald\u00e9s, presidi\u00f3 este martes, la presentaci\u00f3n del Programa &nbsp;Provincial de Educaci\u00f3n Ambiental en el Sal\u00f3n Amarillo de Casa de Gobierno. Se trata de un documento clave para guiar el desarrollo de pol\u00edticas y estrategias educativas que contribuyan a la conservaci\u00f3n de la naturaleza local.&nbsp;En \u00e9l, se establecen principios, objetivos y acciones para desplegar e integrar la ense\u00f1anza en esta tem\u00e1tica, en todos los niveles y modalidades educativas de la provincia.<\/p>\n\n\n\n<p>El mismo material, fue elaborado de manera mancomunada entre el Ministerio de Educaci\u00f3n, el Comit\u00e9 Iber\u00e1, la cartera de Turismo y el Instituto Correntino del Agua y del Ambiente; instituciones representadas en la ocasi\u00f3n por sus titulares, Pr\u00e1xedes L\u00f3pez; Sergio Flinta; Alejandra Eliciri y Mario Salvia.<\/p>\n\n\n\n<p>El documento de implementaci\u00f3n para el mencionado plan, fue detallado en la oportunidad, por el referente de Educaci\u00f3n Ambiental de la cartera educativa, Federico Arce y la gerente del \u00c1rea de Gesti\u00f3n Ambiental del ICAA, Carolina Sartirana.<\/p>\n\n\n\n<p><strong>Objetivos<\/strong><\/p>\n\n\n\n<p>Se trata de una herramienta clave para guiar el desarrollo de pol\u00edticas y estrategias educativas que contribuyan a dicho objetivo.&nbsp;En el mismo, se establecen los principios, objetivos y acciones para desplegar e integrar la educaci\u00f3n ambiental en todos los niveles y modalidades educativas de la provincia, en el \u00e1mbito formal y no formal.&nbsp;<\/p>\n\n\n\n<p><strong>Marco legal<\/strong><\/p>\n\n\n\n<p>En este contexto, cabe mencionar que la Ley Provincial de Educaci\u00f3n Ambiental N\u00b0 6514\/19 en su art\u00edculo 1 del cap\u00edtulo 1, establece: que se \u201centiende por Educaci\u00f3n Ambiental a los procesos integradores mediante los cuales el individuo y la ciudadan\u00eda construyen valores, conocimientos, aptitudes, actitudes, habilidades, t\u00e9cnicas y compromisos orientados a la defensa y respeto del ambiente, esenciales a la sana calidad de vida y su sustentabilidad.\u201d<\/p>\n\n\n\n<p>Por su parte el Art\u00edculo 7, del cap\u00edtulo 3, expresa que ser\u00e1 Autoridad de Aplicaci\u00f3n de la presente ley un organismo colegiado, que estar\u00e1 dirigido e integrado por el Ministerio de Educaci\u00f3n de la Provincia y el Instituto Correntino del Agua y del Ambiente (ICAA).\u201d<\/p>\n\n\n\n<p>As\u00ed, se elabor\u00f3 y aprob\u00f3 por Resoluci\u00f3n Ministerial N\u00ba 1698\/23 el documento marco de implementaci\u00f3n del Programa Provincial de Educaci\u00f3n Ambiental.<\/p>\n\n\n\n<p><strong>Desarrollo Sostenible<\/strong><\/p>\n\n\n\n<p>El programa se encuadra dentro de los objetivos de Desarrollo Sostenible y entre los Ejes transversales de la Educaci\u00f3n Ambiental Integral se encuentran: Reconocer e interpretar la complejidad del ambiente; Conocer y analizar los problemas ambientales; Desarrollar actitud, cultura, conciencia y compromiso ambiental; Ejercer nuestros derechos; Generar un dialogo de saberes y Cuidar el ambiente y la sustentabilidad de la vida.<\/p>\n\n\n\n<p><strong>\u00c1mbitos educativos<\/strong><\/p>\n\n\n\n<p>En el marco de la implementaci\u00f3n de la Educaci\u00f3n Ambiental formal, desde Ministerio de Educaci\u00f3n, se elabor\u00f3 la primera serie, compuesta por tres documentos referidos a la prevenci\u00f3n de incendios en \u00e1mbitos rurales, los cuales contienes desarrollos te\u00f3ricos y propuestas para trabajar en el aula.<\/p>\n\n\n\n<p>Por su parte, la plataforma Educaplay presenta una secci\u00f3n sobre Educaci\u00f3n Ambiental Integral.<\/p>\n\n\n\n<p><strong>Gobernador Vald\u00e9s<\/strong><\/p>\n\n\n\n<p>\u201cEl mundo est\u00e1 cambiando y est\u00e1 cambiando en serio\u201d, sostuvo Vald\u00e9s al tomar la palabra y se\u00f1al\u00f3 que \u201ctermin\u00f3 el tiempo del calentamiento global y comenz\u00f3 el tiempo de la ebullici\u00f3n global\u201d. Es por eso que \u201ctenemos que tomar medidas que sean concretas\u201d agreg\u00f3, porque \u201cel planeta no puede esperar m\u00e1s\u201d.<\/p>\n\n\n\n<p>De esta manera llam\u00f3 a pensar \u201cqu\u00e9 vamos a hacer con la producci\u00f3n y la utilizaci\u00f3n de hidrocarburos, si vamos a seguir inaugurando gasoductos o si vamos a tener una pol\u00edtica de sustituci\u00f3n energ\u00e9tica, entre otras cosas\u201d. Por lo tanto, dijo que \u201cdebemos tener pol\u00edticas activas, para tener un desarrollo con sustentabilidad y eso implica tener un conocimiento\u201d.<\/p>\n\n\n\n<p>El Gobernador a\u00f1adi\u00f3 as\u00ed que \u201cel principal disparador es, sin duda, la educaci\u00f3n, tanto p\u00fablica como privada, aunque la educaci\u00f3n p\u00fablica es la responsabilidad que tenemos nosotros como Estado provincial para generar contenidos y que nuestros alumnos, en el plazo de 12 o 15 a\u00f1os, tengan acabado conocimiento\u201d. En ese marco, \u201cesta es la presentaci\u00f3n del contenido educativo para nuestros alumnos, que seguramente ir\u00e1 evolucionando, as\u00ed que felicitaciones al Ministerio de Educaci\u00f3n por la generaci\u00f3n del mismo\u201d.<\/p>\n\n\n\n<p>Entre esos contenidos del Programa de Educaci\u00f3n Ambiental, el primer Mandatario hizo referencia, principalmente, a los Esteros del Iber\u00e1, ya que \u201ctenemos en el coraz\u00f3n de Corrientes m\u00e1s de un mill\u00f3n de hect\u00e1reas protegidas, donde hoy volvi\u00f3 a rugir el Yaguaret\u00e9 incluso, como parte de la reintroducci\u00f3n de especies y que es el proyecto m\u00e1s grande que tenemos en Sudam\u00e9rica\u201d.<\/p>\n\n\n\n<p>Destac\u00f3 que \u201cestamos cambiando esa naturaleza ense\u00f1ando a preservarla, a mirar, a convivir con ella. Eso nos est\u00e1 cambiando absolutamente a la econom\u00eda de la regi\u00f3n m\u00e1s deprimida de la provincia de Corrientes\u201d.<\/p>\n\n\n\n<p>Adem\u00e1s, el mismo mandatario explic\u00f3 que, por eso, la \u201cpresentaci\u00f3n de este trabajo, que es integral, tiene que ver con preparar a las futuras generaciones para que tambi\u00e9n den la batalla y a los que estamos viviendo hoy, que podamos seguir aprendiendo para tener una mirada verde\u201d.<\/p>\n\n\n\n<p><strong>Sergio Flinta&nbsp;&nbsp;<\/strong><\/p>\n\n\n\n<p>A su turno, el titular del Comit\u00e9 Iber\u00e1, Sergio Flinta dio cuenta del plan denominado \u201cFormando Formadores\u201d, para la implementaci\u00f3n del Programa de Educaci\u00f3n Ambiental, en lo que respecta a la \u00f3rbita de los esteros.<\/p>\n\n\n\n<p>El mismo, est\u00e1 dirigido a docentes de diferentes niveles y, en una primera etapa, capacitar\u00e1 a los mismos en las localidades de Santa Rosa, Ca\u00e1 Cat\u00ed, Chavarr\u00eda, Loreto, San Miguel y Concepci\u00f3n.<\/p>\n\n\n\n<p>Luego, el senador provincial habl\u00f3 de los distintos m\u00f3dulos del programa. Uno de ellos tiene que ver con las \u00e1reas protegidas y su importancia cultural y natural. Se tratar\u00e1n tambi\u00e9n los humedales, el cambio clim\u00e1tico y el desarrollo local a trav\u00e9s del ecoturismo.<\/p>\n\n\n\n<p>El programa, adem\u00e1s, tocar\u00e1 temas de protecci\u00f3n y conservaci\u00f3n, al igual que la flora y fauna y reintroducci\u00f3n de especies.<\/p>\n\n\n\n<p>\u201cLa revalorizaci\u00f3n de lo nuestro est\u00e1 estrechamente ligado con nuestra cultura: la m\u00fasica, las costumbres, lo comida, la vestimenta. Todo eso tambi\u00e9n lo volcamos en esta formaci\u00f3n\u201d, agreg\u00f3 Flinta.<\/p>\n\n\n\n<p><strong>Alejandra Eliciri<\/strong><\/p>\n\n\n\n<p>\u201cDesde el Ministerio buscamos un turismo en el cual las actividades que se realicen sean amigables con el ambiente, pero a la vez econ\u00f3micamente viables y, por supuesto, socialmente aceptables\u201d, indic\u00f3 la ministra de la cartera tur\u00edstica.<\/p>\n\n\n\n<p>La funcionaria detall\u00f3 que los ejes que se establecen para abordar la tem\u00e1tica ambiental se trazan a trav\u00e9s del Comit\u00e9 Iber\u00e1. \u201cCreo que el camino para implementar la Ley de Educaci\u00f3n Ambiental lo estamos recorriendo. Nos falta a\u00fan, pero creo que todos juntos podremos llevar adelante eso, para vivir en un ambiente sano y mejorar la calidad de vida de todos\u201d, finaliz\u00f3.<\/p>\n\n\n\n<p><strong>Pr\u00e1xedes L\u00f3pez<\/strong><\/p>\n\n\n\n<p>La ministra de Educaci\u00f3n dijo que existen tres ejes: manejo del fuego, paisajes naturales y cambio clim\u00e1tico. \u201cTenemos que empezar a trabajarlos en las aulas desde el nivel inicial hasta el superior\u201d, agreg\u00f3.<\/p>\n\n\n\n<p>Inform\u00f3 que se realizar\u00e1n capacitaciones desde su Ministerio, pero tambi\u00e9n desde fundaciones, las cuales tendr\u00e1n los avales respectivos. \u201cSabemos del compromiso de nuestros docentes, por ello confiamos en que esta educaci\u00f3n ambiental nos enriquezca\u201d.<\/p>\n\n\n\n<p><strong>Mario Salvia<\/strong><\/p>\n\n\n\n<p>El administrador general del ICAA explic\u00f3 que el programa busca generar educaci\u00f3n ambiental a trav\u00e9s de capacitaciones para personal municipal, empresarios, emprendedores, productores y organizaciones de la sociedad civil. Para ello, se firm\u00f3 un convenio con la Universidad Nacional del Nordeste y se construy\u00f3 una \u201cagenda ambiental\u201d a trav\u00e9s del trabajo con nueve municipios.<\/p>\n\n\n\n<p>\u201cDuplicamos el contacto con los ejecutivos municipales a fin de programar estas tareas\u201d, declar\u00f3 Salvia, agregando que se inici\u00f3 un \u201cplan de reorganizaci\u00f3n administrativa\u201d que incluye la incorporaci\u00f3n de protocolos con actores productivos y sociales que permitir\u00e1 el abordaje integral de esta tem\u00e1tica.<\/p>\n\n\n\n<p>\u201cLos resultados se ver\u00e1n a largo plazo, pero se necesitan acciones a corto plazo para generarlos. Tenemos que ser sustentables y sostenibles en todo lo que hagamos\u201d, concluy\u00f3.<\/p>\n\n\n\n<p><strong>Presencias<\/strong><\/p>\n\n\n\n<p>Acompa\u00f1aron al gobernador Vald\u00e9s y a los dem\u00e1s oradores durante el acto, el vicegobernador de Corrientes, Pedro Braillard Poccard; el presidente de la C\u00e1mara de Diputados, Pedro Cassani; el intendente de Capital, Eduardo Tassano; la diputada nacional, Sof\u00eda Brambilla; los ministros de: Hacienda, Marcelo Rivas Piasentini; de Justicia, Juan Jos\u00e9 L\u00f3pez Desimoni; de Industria, Mariel Gabur y de Obras P\u00fablicas, Claudio Polich; y dem\u00e1s legisladores provinciales, secretarios y subsecretarios.<\/p>\n\n\n\n<figure class=\"wp-block-image size-large\"><img loading=\"lazy\" decoding=\"async\" width=\"1024\" height=\"683\" src=\"https:\/\/corrientesdetarde.com\/wp-content\/uploads\/2023\/08\/image-229-1024x683.png\" alt=\"\" class=\"wp-image-79175\" srcset=\"https:\/\/corrientesdetarde.com\/wp-content\/uploads\/2023\/08\/image-229-1024x683.png 1024w, https:\/\/corrientesdetarde.com\/wp-content\/uploads\/2023\/08\/image-229-300x200.png 300w, https:\/\/corrientesdetarde.com\/wp-content\/uploads\/2023\/08\/image-229-768x512.png 768w, https:\/\/corrientesdetarde.com\/wp-content\/uploads\/2023\/08\/image-229.png 1200w\" sizes=\"auto, (max-width: 1024px) 100vw, 1024px\" \/><\/figure>\n\n\n\n<figure class=\"wp-block-image size-large\"><img loading=\"lazy\" decoding=\"async\" width=\"1024\" height=\"683\" src=\"https:\/\/corrientesdetarde.com\/wp-content\/uploads\/2023\/08\/image-230-1024x683.png\" alt=\"\" class=\"wp-image-79176\" srcset=\"https:\/\/corrientesdetarde.com\/wp-content\/uploads\/2023\/08\/image-230-1024x683.png 1024w, https:\/\/corrientesdetarde.com\/wp-content\/uploads\/2023\/08\/image-230-300x200.png 300w, https:\/\/corrientesdetarde.com\/wp-content\/uploads\/2023\/08\/image-230-768x512.png 768w, https:\/\/corrientesdetarde.com\/wp-content\/uploads\/2023\/08\/image-230.png 1200w\" sizes=\"auto, (max-width: 1024px) 100vw, 1024px\" \/><\/figure>\n\n\n\n<figure class=\"wp-block-image size-large\"><img loading=\"lazy\" decoding=\"async\" width=\"1024\" height=\"683\" src=\"https:\/\/corrientesdetarde.com\/wp-content\/uploads\/2023\/08\/image-231-1024x683.png\" alt=\"\" class=\"wp-image-79177\" srcset=\"https:\/\/corrientesdetarde.com\/wp-content\/uploads\/2023\/08\/image-231-1024x683.png 1024w, https:\/\/corrientesdetarde.com\/wp-content\/uploads\/2023\/08\/image-231-300x200.png 300w, https:\/\/corrientesdetarde.com\/wp-content\/uploads\/2023\/08\/image-231-768x512.png 768w, https:\/\/corrientesdetarde.com\/wp-content\/uploads\/2023\/08\/image-231.png 1200w\" sizes=\"auto, (max-width: 1024px) 100vw, 1024px\" \/><\/figure>\n\n\n\n<figure class=\"wp-block-image size-large\"><img loading=\"lazy\" decoding=\"async\" width=\"1024\" height=\"683\" src=\"https:\/\/corrientesdetarde.com\/wp-content\/uploads\/2023\/08\/image-232-1024x683.png\" alt=\"\" class=\"wp-image-79178\" srcset=\"https:\/\/corrientesdetarde.com\/wp-content\/uploads\/2023\/08\/image-232-1024x683.png 1024w, https:\/\/corrientesdetarde.com\/wp-content\/uploads\/2023\/08\/image-232-300x200.png 300w, https:\/\/corrientesdetarde.com\/wp-content\/uploads\/2023\/08\/image-232-768x512.png 768w, https:\/\/corrientesdetarde.com\/wp-content\/uploads\/2023\/08\/image-232.png 1200w\" sizes=\"auto, (max-width: 1024px) 100vw, 1024px\" \/><\/figure>\n\n\n\n<figure class=\"wp-block-image size-large\"><img loading=\"lazy\" decoding=\"async\" width=\"1024\" height=\"683\" src=\"https:\/\/corrientesdetarde.com\/wp-content\/uploads\/2023\/08\/image-233-1024x683.png\" alt=\"\" class=\"wp-image-79179\" srcset=\"https:\/\/corrientesdetarde.com\/wp-content\/uploads\/2023\/08\/image-233-1024x683.png 1024w, https:\/\/corrientesdetarde.com\/wp-content\/uploads\/2023\/08\/image-233-300x200.png 300w, https:\/\/corrientesdetarde.com\/wp-content\/uploads\/2023\/08\/image-233-768x512.png 768w, https:\/\/corrientesdetarde.com\/wp-content\/uploads\/2023\/08\/image-233.png 1200w\" sizes=\"auto, (max-width: 1024px) 100vw, 1024px\" \/><\/figure>\n\n\n\n<figure class=\"wp-block-image size-large\"><img loading=\"lazy\" decoding=\"async\" width=\"1024\" height=\"683\" src=\"https:\/\/corrientesdetarde.com\/wp-content\/uploads\/2023\/08\/image-234-1024x683.png\" alt=\"\" class=\"wp-image-79180\" srcset=\"https:\/\/corrientesdetarde.com\/wp-content\/uploads\/2023\/08\/image-234-1024x683.png 1024w, https:\/\/corrientesdetarde.com\/wp-content\/uploads\/2023\/08\/image-234-300x200.png 300w, https:\/\/corrientesdetarde.com\/wp-content\/uploads\/2023\/08\/image-234-768x512.png 768w, https:\/\/corrientesdetarde.com\/wp-content\/uploads\/2023\/08\/image-234.png 1200w\" sizes=\"auto, (max-width: 1024px) 100vw, 1024px\" \/><\/figure>\n\n\n\n<figure class=\"wp-block-image size-large\"><img loading=\"lazy\" decoding=\"async\" width=\"1024\" height=\"683\" src=\"https:\/\/corrientesdetarde.com\/wp-content\/uploads\/2023\/08\/image-235-1024x683.png\" alt=\"\" class=\"wp-image-79181\" srcset=\"https:\/\/corrientesdetarde.com\/wp-content\/uploads\/2023\/08\/image-235-1024x683.png 1024w, https:\/\/corrientesdetarde.com\/wp-content\/uploads\/2023\/08\/image-235-300x200.png 300w, https:\/\/corrientesdetarde.com\/wp-content\/uploads\/2023\/08\/image-235-768x512.png 768w, https:\/\/corrientesdetarde.com\/wp-content\/uploads\/2023\/08\/image-235.png 1200w\" sizes=\"auto, (max-width: 1024px) 100vw, 1024px\" \/><\/figure>\n\n\n\n<figure class=\"wp-block-image size-large\"><img loading=\"lazy\" decoding=\"async\" width=\"1024\" height=\"683\" src=\"https:\/\/corrientesdetarde.com\/wp-content\/uploads\/2023\/08\/image-236-1024x683.png\" alt=\"\" class=\"wp-image-79182\" srcset=\"https:\/\/corrientesdetarde.com\/wp-content\/uploads\/2023\/08\/image-236-1024x683.png 1024w, https:\/\/corrientesdetarde.com\/wp-content\/uploads\/2023\/08\/image-236-300x200.png 300w, https:\/\/corrientesdetarde.com\/wp-content\/uploads\/2023\/08\/image-236-768x512.png 768w, https:\/\/corrientesdetarde.com\/wp-content\/uploads\/2023\/08\/image-236.png 1200w\" sizes=\"auto, (max-width: 1024px) 100vw, 1024px\" \/><\/figure>\n\n\n\n<figure class=\"wp-block-image size-large\"><img loading=\"lazy\" decoding=\"async\" width=\"1024\" height=\"682\" src=\"https:\/\/corrientesdetarde.com\/wp-content\/uploads\/2023\/08\/image-237-1024x682.png\" alt=\"\" class=\"wp-image-79183\" srcset=\"https:\/\/corrientesdetarde.com\/wp-content\/uploads\/2023\/08\/image-237-1024x682.png 1024w, https:\/\/corrientesdetarde.com\/wp-content\/uploads\/2023\/08\/image-237-300x200.png 300w, https:\/\/corrientesdetarde.com\/wp-content\/uploads\/2023\/08\/image-237-768x512.png 768w, https:\/\/corrientesdetarde.com\/wp-content\/uploads\/2023\/08\/image-237-1536x1023.png 1536w, https:\/\/corrientesdetarde.com\/wp-content\/uploads\/2023\/08\/image-237.png 1600w\" sizes=\"auto, (max-width: 1024px) 100vw, 1024px\" \/><\/figure>\n","protected":false},"excerpt":{"rendered":"<p>El gobernador de Corrientes, Gustavo Vald\u00e9s, presidi\u00f3 este martes, la presentaci\u00f3n del Programa &nbsp;Provincial de Educaci\u00f3n Ambiental en el Sal\u00f3n Amarillo de Casa de Gobierno. Se trata de un documento&hellip; <\/p>\n","protected":false},"author":8,"featured_media":79184,"comment_status":"closed","ping_status":"open","sticky":false,"template":"","format":"standard","meta":{"footnotes":""},"categories":[8],"tags":[],"class_list":["post-79174","post","type-post","status-publish","format-standard","has-post-thumbnail","hentry","category-locales"],"_links":{"self":[{"href":"https:\/\/corrientesdetarde.com\/index.php\/wp-json\/wp\/v2\/posts\/79174","targetHints":{"allow":["GET"]}}],"collection":[{"href":"https:\/\/corrientesdetarde.com\/index.php\/wp-json\/wp\/v2\/posts"}],"about":[{"href":"https:\/\/corrientesdetarde.com\/index.php\/wp-json\/wp\/v2\/types\/post"}],"author":[{"embeddable":true,"href":"https:\/\/corrientesdetarde.com\/index.php\/wp-json\/wp\/v2\/users\/8"}],"replies":[{"embeddable":true,"href":"https:\/\/corrientesdetarde.com\/index.php\/wp-json\/wp\/v2\/comments?post=79174"}],"version-history":[{"count":1,"href":"https:\/\/corrientesdetarde.com\/index.php\/wp-json\/wp\/v2\/posts\/79174\/revisions"}],"predecessor-version":[{"id":79185,"href":"https:\/\/corrientesdetarde.com\/index.php\/wp-json\/wp\/v2\/posts\/79174\/revisions\/79185"}],"wp:featuredmedia":[{"embeddable":true,"href":"https:\/\/corrientesdetarde.com\/index.php\/wp-json\/wp\/v2\/media\/79184"}],"wp:attachment":[{"href":"https:\/\/corrientesdetarde.com\/index.php\/wp-json\/wp\/v2\/media?parent=79174"}],"wp:term":[{"taxonomy":"category","embeddable":true,"href":"https:\/\/corrientesdetarde.com\/index.php\/wp-json\/wp\/v2\/categories?post=79174"},{"taxonomy":"post_tag","embeddable":true,"href":"https:\/\/corrientesdetarde.com\/index.php\/wp-json\/wp\/v2\/tags?post=79174"}],"curies":[{"name":"wp","href":"https:\/\/api.w.org\/{rel}","templated":true}]}}