{"id":7919,"date":"2022-10-02T20:32:57","date_gmt":"2022-10-02T23:32:57","guid":{"rendered":"https:\/\/corrientesdetarde.com\/?p=7919"},"modified":"2022-10-02T20:33:01","modified_gmt":"2022-10-02T23:33:01","slug":"chaco-despisto-con-su-moto-choco-contra-un-contenedor-y-fallecio","status":"publish","type":"post","link":"https:\/\/corrientesdetarde.com\/index.php\/crimen-y-justicia\/chaco-despisto-con-su-moto-choco-contra-un-contenedor-y-fallecio\/","title":{"rendered":"Chaco: despist\u00f3 con su moto, choc\u00f3 contra un contenedor y falleci\u00f3."},"content":{"rendered":"\n<p>El siniestro ocurri\u00f3 durante la siesta de este domingo en la capital chaque\u00f1a. El acompa\u00f1ante, un menor de 11 a\u00f1os, fue trasladado hasta el Hospital Pedi\u00e1trico.<\/p>\n\n\n\n<p><strong>Un tr\u00e1gico siniestro ocurri\u00f3 en horas de la siesta en la ciudad de Resistencia, capital de la provincia del Chaco<\/strong>.&nbsp;<strong>Un motociclista perdi\u00f3 la vida tras colisionar contra un contenedor de basura.<\/strong>&nbsp;<\/p>\n\n\n\n<p>Cerca de las 14 horas de este domingo, el personal de la Comisar\u00eda Quinta de la capital chaque\u00f1a fue alertado sobre un accidente sobre la avenida Mart\u00edn Goitia y calle Soldado Aguilera.<\/p>\n\n\n\n<p>Ante el aviso, los efectivos se dirigieron hasta las calles mencionadas y observaron una motocicleta y al costado de la misma, dos personas lesionadas.&nbsp;<\/p>\n\n\n\n<p>En ese contexto, solicitaron de manera urgente la presencia del personal m\u00e9dico quienes arribaron al lugar y confirmaron el fallecimiento del conductor de la moto que fue identificado como Germ\u00e1n Eduardo Mi\u00f1o.<\/p>\n\n\n\n<p>Por otro lado,&nbsp;<strong>el acompa\u00f1ante, un menor de 11 a\u00f1os fue trasladado al Hospital Pedi\u00e1trico<\/strong>&nbsp;donde fue diagnosticado con &#8220;<strong>Politraumatismos secundario y traumatismo en la rodilla derecha con herida cortante<\/strong>&#8220;. El chico qued\u00f3 bajo observaci\u00f3n a la espera de su recuperaci\u00f3n.<\/p>\n\n\n\n<p>Seg\u00fan informaron desde la Polic\u00eda del Chaco,&nbsp;<strong>no se pudo establecer el motivo por el cual el conductor colision\u00f3 contra el contenedor de basura<\/strong>. La fiscal\u00eda en turno dispuso la intervenci\u00f3n del Gabinete Cient\u00edfico a fin de realizar las pericias.<\/p>\n","protected":false},"excerpt":{"rendered":"<p>El siniestro ocurri\u00f3 durante la siesta de este domingo en la capital chaque\u00f1a. El acompa\u00f1ante, un menor de 11 a\u00f1os, fue trasladado hasta el Hospital Pedi\u00e1trico. Un tr\u00e1gico siniestro ocurri\u00f3&hellip; <\/p>\n","protected":false},"author":6,"featured_media":7920,"comment_status":"closed","ping_status":"open","sticky":false,"template":"","format":"standard","meta":{"footnotes":""},"categories":[5],"tags":[],"class_list":["post-7919","post","type-post","status-publish","format-standard","has-post-thumbnail","hentry","category-crimen-y-justicia"],"_links":{"self":[{"href":"https:\/\/corrientesdetarde.com\/index.php\/wp-json\/wp\/v2\/posts\/7919","targetHints":{"allow":["GET"]}}],"collection":[{"href":"https:\/\/corrientesdetarde.com\/index.php\/wp-json\/wp\/v2\/posts"}],"about":[{"href":"https:\/\/corrientesdetarde.com\/index.php\/wp-json\/wp\/v2\/types\/post"}],"author":[{"embeddable":true,"href":"https:\/\/corrientesdetarde.com\/index.php\/wp-json\/wp\/v2\/users\/6"}],"replies":[{"embeddable":true,"href":"https:\/\/corrientesdetarde.com\/index.php\/wp-json\/wp\/v2\/comments?post=7919"}],"version-history":[{"count":1,"href":"https:\/\/corrientesdetarde.com\/index.php\/wp-json\/wp\/v2\/posts\/7919\/revisions"}],"predecessor-version":[{"id":7927,"href":"https:\/\/corrientesdetarde.com\/index.php\/wp-json\/wp\/v2\/posts\/7919\/revisions\/7927"}],"wp:featuredmedia":[{"embeddable":true,"href":"https:\/\/corrientesdetarde.com\/index.php\/wp-json\/wp\/v2\/media\/7920"}],"wp:attachment":[{"href":"https:\/\/corrientesdetarde.com\/index.php\/wp-json\/wp\/v2\/media?parent=7919"}],"wp:term":[{"taxonomy":"category","embeddable":true,"href":"https:\/\/corrientesdetarde.com\/index.php\/wp-json\/wp\/v2\/categories?post=7919"},{"taxonomy":"post_tag","embeddable":true,"href":"https:\/\/corrientesdetarde.com\/index.php\/wp-json\/wp\/v2\/tags?post=7919"}],"curies":[{"name":"wp","href":"https:\/\/api.w.org\/{rel}","templated":true}]}}