{"id":79278,"date":"2023-08-08T19:53:47","date_gmt":"2023-08-08T22:53:47","guid":{"rendered":"https:\/\/corrientesdetarde.com\/?p=79278"},"modified":"2023-08-08T19:53:58","modified_gmt":"2023-08-08T22:53:58","slug":"el-festival-contame-y-mostrame-nos-brinda-un-hermoso-taller-escribir-y-contar","status":"publish","type":"post","link":"https:\/\/corrientesdetarde.com\/index.php\/locales\/el-festival-contame-y-mostrame-nos-brinda-un-hermoso-taller-escribir-y-contar\/","title":{"rendered":"El festival &#8220;contame y mostrame&#8221; nos brinda un hermoso taller: &#8220;escribir y contar&#8221;"},"content":{"rendered":"<div class=\"wp-block-image\">\n<figure class=\"aligncenter size-large is-resized\"><img loading=\"lazy\" decoding=\"async\" src=\"https:\/\/corrientesdetarde.com\/wp-content\/uploads\/2023\/08\/WhatsApp-Image-2023-08-08-at-16.00.26-1024x388.jpg\" alt=\"\" class=\"wp-image-79280\" width=\"412\" height=\"156\" srcset=\"https:\/\/corrientesdetarde.com\/wp-content\/uploads\/2023\/08\/WhatsApp-Image-2023-08-08-at-16.00.26-1024x388.jpg 1024w, https:\/\/corrientesdetarde.com\/wp-content\/uploads\/2023\/08\/WhatsApp-Image-2023-08-08-at-16.00.26-300x114.jpg 300w, https:\/\/corrientesdetarde.com\/wp-content\/uploads\/2023\/08\/WhatsApp-Image-2023-08-08-at-16.00.26-768x291.jpg 768w, https:\/\/corrientesdetarde.com\/wp-content\/uploads\/2023\/08\/WhatsApp-Image-2023-08-08-at-16.00.26-1536x582.jpg 1536w, https:\/\/corrientesdetarde.com\/wp-content\/uploads\/2023\/08\/WhatsApp-Image-2023-08-08-at-16.00.26.jpg 1600w\" sizes=\"auto, (max-width: 412px) 100vw, 412px\" \/><\/figure>\n<\/div>\n\n\n<p>El festival <em><strong>\u201cContame y mostrame\u201d <\/strong><\/em>es un proyecto de la Fundaci\u00f3n SEMBRAR nos comenta su <em><strong>Presidente Mar\u00eda Silvia Pozo.<\/strong><\/em><\/p>\n\n\n\n<p>\u00a0Este festival qued\u00f3 seleccionado por el Ministerio de Cultura con su programa Festivales Argentinos. La Fundaci\u00f3n viene haciendo este tipo de eventos culturales, del 2017 al 2021 fueron los festivales de narraci\u00f3n oral , en los primeros a\u00f1os nacional y del 2019 al 2\u00ba21 internacional, incluyendo los a\u00f1os de pandemia que lo ejecutaron por plataforma zoom.<\/p>\n\n\n\n<p>En esta oportunidad <em>este encuentro de arte consiste en llevar cuentos y teatro clown a distintos espacios<\/em>, convencionales y no convencionales, como la escuela Feliz Mar\u00eda Gomez y Jardines nucleados N 20 en el barrio 1000 viviendas, <strong>#radiocafeCorrientes <\/strong>es un caf\u00e9 y radio\u00a0 en pleno centro de la ciudad de Corrientes, el Centro de rehabilitaci\u00f3n visual Valent\u00edn Hauy y la Escuela 20 de disminuidos motores,\u00a0 sumaron tambi\u00e9n un taller de escritura creativa guiado por Silvina Ramirez y Natanael Mallea el s\u00e1bado 12 en el Museo de artesan\u00edas tradicionales, son invitados especiales Avelino Sainar Nu\u00f1ez traduciendo al guaran\u00ed y Regina Ferrazi con sus canciones.<\/p>\n\n\n\n<p>Los narradores que participan son en su mayor\u00eda son integrantes del taller <strong><em>#tecuentouncuento<\/em><\/strong> son <strong><em>Eduardo Rojas, Sonia Baez Aranda, Dalia de Jes\u00fas Romero, Lupe Salazar, Florencia Terraes, Miriam Monzon,\u00a0 Willson , Natanael Mallea Y Mar\u00eda Silvia Pozo.<\/em><\/strong><\/p>\n\n\n\n<p><\/p>\n\n\n\n<h3 class=\"wp-block-heading\"><strong><em>UNA INVITACI\u00d3N ESPECIAL<\/em><\/strong><\/h3>\n\n\n<div class=\"wp-block-image\">\n<figure class=\"aligncenter size-large is-resized\"><img loading=\"lazy\" decoding=\"async\" src=\"https:\/\/corrientesdetarde.com\/wp-content\/uploads\/2023\/08\/WhatsApp-Image-2023-08-08-at-12.12.04-1-819x1024.jpg\" alt=\"\" class=\"wp-image-79279\" width=\"467\" height=\"584\" srcset=\"https:\/\/corrientesdetarde.com\/wp-content\/uploads\/2023\/08\/WhatsApp-Image-2023-08-08-at-12.12.04-1-819x1024.jpg 819w, https:\/\/corrientesdetarde.com\/wp-content\/uploads\/2023\/08\/WhatsApp-Image-2023-08-08-at-12.12.04-1-240x300.jpg 240w, https:\/\/corrientesdetarde.com\/wp-content\/uploads\/2023\/08\/WhatsApp-Image-2023-08-08-at-12.12.04-1-768x960.jpg 768w, https:\/\/corrientesdetarde.com\/wp-content\/uploads\/2023\/08\/WhatsApp-Image-2023-08-08-at-12.12.04-1-1229x1536.jpg 1229w, https:\/\/corrientesdetarde.com\/wp-content\/uploads\/2023\/08\/WhatsApp-Image-2023-08-08-at-12.12.04-1.jpg 1280w\" sizes=\"auto, (max-width: 467px) 100vw, 467px\" \/><\/figure>\n<\/div>\n\n\n<p>\ud83d\udccc\u263a\ud83d\udd8aTaller para todo p\u00fablico. Nos sumergiremos en el fascinante mundo de la escritura creativa\ud83d\udcdd Nuestro objetivo es<em> liberar la creatividad<\/em> que yace latente en <em>vos<\/em>, te daremos herramientas y t\u00e9cnicas para convertir tus ideas en historias cautivadoras. La <em>Fundaci\u00f3n SEMBRAR<\/em> te invita a pasar un s\u00e1bado especial, a puro arte, solo ten\u00e9s que traer un \ud83d\udcd2 y una \ud83d\udd8a, de lo demas nos enccargamos nosotros\u263a\ud83e\udd70<br>Formulario de inscripci\u00f3n (no excluyente):<\/p>\n\n\n\n<p><a href=\"https:\/\/docs.google.com\/forms\/d\/e\/1FAIpQLSc5KpEtA-SWqddSbcJRTYZzHU92C49kEQpVCjhUCfMpTO9rfA\/viewform?usp=sf_link\">https:\/\/docs.google.com\/forms\/d\/e\/1FAIpQLSc5KpEtA-SWqddSbcJRTYZzHU92C49kEQpVCjhUCfMpTO9rfA\/viewform?usp=sf_link<\/a><\/p>\n\n\n\n<p><\/p>\n\n\n\n<p><\/p>\n\n\n\n<p><em style=\"\"><b>Te dejamos unas <\/b><\/em><strong><em>im\u00e1genes de lo que se vive en el festival: <\/em><\/strong><\/p>\n\n\n\n<p class=\"has-text-align-center\">\r\n\t<div class=\"msacwl-slider-wrap msacwl-row-clearfix \" data-conf=\"{&quot;autoplay&quot;:&quot;true&quot;,&quot;autoplay_speed&quot;:3000,&quot;speed&quot;:300,&quot;arrows&quot;:&quot;true&quot;,&quot;dots&quot;:&quot;true&quot;,&quot;lazyload&quot;:&quot;&quot;}\">\r\n\t\t<div id=\"msacwl-slider-1\" class=\"msacwl-slider msacwl-common-slider msacwl-slider-popup\">\r\n\t\t\t\t\t\t<div class=\"msacwl-slide\" data-item-index=\"1\" >\r\n\t\t\t\t<a class=\"msacwl-img-link\" href=\"javascript:void(0);\" data-mfp-src=\"https:\/\/corrientesdetarde.com\/wp-content\/uploads\/2023\/08\/IMG-20230808-WA0015-scaled.jpg\">\r\n\t\t\t\t\t<img decoding=\"async\" class=\"msacwl-img\" src=\"https:\/\/corrientesdetarde.com\/wp-content\/uploads\/2023\/08\/IMG-20230808-WA0015-scaled.jpg\"  data-title=\"\" alt=\"\" \/>\r\n\t\t\t\t<\/a>\r\n\t\t\t\t\t\t\t\t\t<div class=\"msacwl-gallery-caption\">\r\n\t\t\t\t\t\t\t\t\t\t\t\t\t<span class=\"image_title\"><\/span>\r\n\t\t\t\t\t\t\t\t\t\t\t\t\t<span><\/span>\r\n\t\t\t\t\t\t \t\t\t\t\t<\/div>\r\n\t\t\t\t\t\t\t<\/div>\r\n\t\t\t\t\t\t<div class=\"msacwl-slide\" data-item-index=\"2\" >\r\n\t\t\t\t<a class=\"msacwl-img-link\" href=\"javascript:void(0);\" data-mfp-src=\"https:\/\/corrientesdetarde.com\/wp-content\/uploads\/2023\/08\/IMG-20230808-WA0014.jpg\">\r\n\t\t\t\t\t<img decoding=\"async\" class=\"msacwl-img\" src=\"https:\/\/corrientesdetarde.com\/wp-content\/uploads\/2023\/08\/IMG-20230808-WA0014.jpg\"  data-title=\"\" alt=\"\" \/>\r\n\t\t\t\t<\/a>\r\n\t\t\t\t\t\t\t\t\t<div class=\"msacwl-gallery-caption\">\r\n\t\t\t\t\t\t\t\t\t\t\t\t\t<span class=\"image_title\"><\/span>\r\n\t\t\t\t\t\t\t\t\t\t\t\t\t<span><\/span>\r\n\t\t\t\t\t\t \t\t\t\t\t<\/div>\r\n\t\t\t\t\t\t\t<\/div>\r\n\t\t\t\t\t\t<div class=\"msacwl-slide\" data-item-index=\"3\" >\r\n\t\t\t\t<a class=\"msacwl-img-link\" href=\"javascript:void(0);\" data-mfp-src=\"https:\/\/corrientesdetarde.com\/wp-content\/uploads\/2023\/08\/IMG-20230808-WA0013.jpg\">\r\n\t\t\t\t\t<img decoding=\"async\" class=\"msacwl-img\" src=\"https:\/\/corrientesdetarde.com\/wp-content\/uploads\/2023\/08\/IMG-20230808-WA0013.jpg\"  data-title=\"\" alt=\"\" \/>\r\n\t\t\t\t<\/a>\r\n\t\t\t\t\t\t\t\t\t<div class=\"msacwl-gallery-caption\">\r\n\t\t\t\t\t\t\t\t\t\t\t\t\t<span class=\"image_title\"><\/span>\r\n\t\t\t\t\t\t\t\t\t\t\t\t\t<span><\/span>\r\n\t\t\t\t\t\t \t\t\t\t\t<\/div>\r\n\t\t\t\t\t\t\t<\/div>\r\n\t\t\t\t\t\t<div class=\"msacwl-slide\" data-item-index=\"4\" >\r\n\t\t\t\t<a class=\"msacwl-img-link\" href=\"javascript:void(0);\" data-mfp-src=\"https:\/\/corrientesdetarde.com\/wp-content\/uploads\/2023\/08\/IMG-20230808-WA0012.jpg\">\r\n\t\t\t\t\t<img decoding=\"async\" class=\"msacwl-img\" src=\"https:\/\/corrientesdetarde.com\/wp-content\/uploads\/2023\/08\/IMG-20230808-WA0012.jpg\"  data-title=\"\" alt=\"\" \/>\r\n\t\t\t\t<\/a>\r\n\t\t\t\t\t\t\t\t\t<div class=\"msacwl-gallery-caption\">\r\n\t\t\t\t\t\t\t\t\t\t\t\t\t<span class=\"image_title\"><\/span>\r\n\t\t\t\t\t\t\t\t\t\t\t\t\t<span><\/span>\r\n\t\t\t\t\t\t \t\t\t\t\t<\/div>\r\n\t\t\t\t\t\t\t<\/div>\r\n\t\t\t\t\t\t<div class=\"msacwl-slide\" data-item-index=\"5\" >\r\n\t\t\t\t<a class=\"msacwl-img-link\" href=\"javascript:void(0);\" data-mfp-src=\"https:\/\/corrientesdetarde.com\/wp-content\/uploads\/2023\/08\/IMG-20230808-WA0011.jpg\">\r\n\t\t\t\t\t<img decoding=\"async\" class=\"msacwl-img\" src=\"https:\/\/corrientesdetarde.com\/wp-content\/uploads\/2023\/08\/IMG-20230808-WA0011.jpg\"  data-title=\"\" alt=\"\" \/>\r\n\t\t\t\t<\/a>\r\n\t\t\t\t\t\t\t\t\t<div class=\"msacwl-gallery-caption\">\r\n\t\t\t\t\t\t\t\t\t\t\t\t\t<span class=\"image_title\"><\/span>\r\n\t\t\t\t\t\t\t\t\t\t\t\t\t<span><\/span>\r\n\t\t\t\t\t\t \t\t\t\t\t<\/div>\r\n\t\t\t\t\t\t\t<\/div>\r\n\t\t\t\t\t\t<div class=\"msacwl-slide\" data-item-index=\"6\" >\r\n\t\t\t\t<a class=\"msacwl-img-link\" href=\"javascript:void(0);\" data-mfp-src=\"https:\/\/corrientesdetarde.com\/wp-content\/uploads\/2023\/08\/IMG-20230808-WA0010.jpg\">\r\n\t\t\t\t\t<img decoding=\"async\" class=\"msacwl-img\" src=\"https:\/\/corrientesdetarde.com\/wp-content\/uploads\/2023\/08\/IMG-20230808-WA0010.jpg\"  data-title=\"\" alt=\"\" \/>\r\n\t\t\t\t<\/a>\r\n\t\t\t\t\t\t\t\t\t<div class=\"msacwl-gallery-caption\">\r\n\t\t\t\t\t\t\t\t\t\t\t\t\t<span class=\"image_title\"><\/span>\r\n\t\t\t\t\t\t\t\t\t\t\t\t\t<span><\/span>\r\n\t\t\t\t\t\t \t\t\t\t\t<\/div>\r\n\t\t\t\t\t\t\t<\/div>\r\n\t\t\t\t\t\t<div class=\"msacwl-slide\" data-item-index=\"7\" >\r\n\t\t\t\t<a class=\"msacwl-img-link\" href=\"javascript:void(0);\" data-mfp-src=\"https:\/\/corrientesdetarde.com\/wp-content\/uploads\/2023\/08\/IMG-20230808-WA0009.jpg\">\r\n\t\t\t\t\t<img decoding=\"async\" class=\"msacwl-img\" src=\"https:\/\/corrientesdetarde.com\/wp-content\/uploads\/2023\/08\/IMG-20230808-WA0009.jpg\"  data-title=\"\" alt=\"\" \/>\r\n\t\t\t\t<\/a>\r\n\t\t\t\t\t\t\t\t\t<div class=\"msacwl-gallery-caption\">\r\n\t\t\t\t\t\t\t\t\t\t\t\t\t<span class=\"image_title\"><\/span>\r\n\t\t\t\t\t\t\t\t\t\t\t\t\t<span><\/span>\r\n\t\t\t\t\t\t \t\t\t\t\t<\/div>\r\n\t\t\t\t\t\t\t<\/div>\r\n\t\t\t\t\t\t<div class=\"msacwl-slide\" data-item-index=\"8\" >\r\n\t\t\t\t<a class=\"msacwl-img-link\" href=\"javascript:void(0);\" data-mfp-src=\"https:\/\/corrientesdetarde.com\/wp-content\/uploads\/2023\/08\/IMG-20230808-WA0008.jpg\">\r\n\t\t\t\t\t<img decoding=\"async\" class=\"msacwl-img\" src=\"https:\/\/corrientesdetarde.com\/wp-content\/uploads\/2023\/08\/IMG-20230808-WA0008.jpg\"  data-title=\"\" alt=\"\" \/>\r\n\t\t\t\t<\/a>\r\n\t\t\t\t\t\t\t\t\t<div class=\"msacwl-gallery-caption\">\r\n\t\t\t\t\t\t\t\t\t\t\t\t\t<span class=\"image_title\"><\/span>\r\n\t\t\t\t\t\t\t\t\t\t\t\t\t<span><\/span>\r\n\t\t\t\t\t\t \t\t\t\t\t<\/div>\r\n\t\t\t\t\t\t\t<\/div>\r\n\t\t\t\t\t\t<div class=\"msacwl-slide\" data-item-index=\"9\" >\r\n\t\t\t\t<a class=\"msacwl-img-link\" href=\"javascript:void(0);\" data-mfp-src=\"https:\/\/corrientesdetarde.com\/wp-content\/uploads\/2023\/08\/IMG-20230808-WA0007.jpg\">\r\n\t\t\t\t\t<img decoding=\"async\" class=\"msacwl-img\" src=\"https:\/\/corrientesdetarde.com\/wp-content\/uploads\/2023\/08\/IMG-20230808-WA0007.jpg\"  data-title=\"\" alt=\"\" \/>\r\n\t\t\t\t<\/a>\r\n\t\t\t\t\t\t\t\t\t<div class=\"msacwl-gallery-caption\">\r\n\t\t\t\t\t\t\t\t\t\t\t\t\t<span class=\"image_title\"><\/span>\r\n\t\t\t\t\t\t\t\t\t\t\t\t\t<span><\/span>\r\n\t\t\t\t\t\t \t\t\t\t\t<\/div>\r\n\t\t\t\t\t\t\t<\/div>\r\n\t\t\t\t\t<\/div>\r\n\t<\/div>\r\n\r\n\t<\/p>\n","protected":false},"excerpt":{"rendered":"<p>El festival \u201cContame y mostrame\u201d es un proyecto de la Fundaci\u00f3n SEMBRAR nos comenta su Presidente Mar\u00eda Silvia Pozo. \u00a0Este festival qued\u00f3 seleccionado por el Ministerio de Cultura con su&hellip; <\/p>\n","protected":false},"author":1,"featured_media":79290,"comment_status":"closed","ping_status":"open","sticky":false,"template":"","format":"standard","meta":{"footnotes":""},"categories":[15,8],"tags":[],"class_list":["post-79278","post","type-post","status-publish","format-standard","has-post-thumbnail","hentry","category-cultura","category-locales"],"_links":{"self":[{"href":"https:\/\/corrientesdetarde.com\/index.php\/wp-json\/wp\/v2\/posts\/79278","targetHints":{"allow":["GET"]}}],"collection":[{"href":"https:\/\/corrientesdetarde.com\/index.php\/wp-json\/wp\/v2\/posts"}],"about":[{"href":"https:\/\/corrientesdetarde.com\/index.php\/wp-json\/wp\/v2\/types\/post"}],"author":[{"embeddable":true,"href":"https:\/\/corrientesdetarde.com\/index.php\/wp-json\/wp\/v2\/users\/1"}],"replies":[{"embeddable":true,"href":"https:\/\/corrientesdetarde.com\/index.php\/wp-json\/wp\/v2\/comments?post=79278"}],"version-history":[{"count":2,"href":"https:\/\/corrientesdetarde.com\/index.php\/wp-json\/wp\/v2\/posts\/79278\/revisions"}],"predecessor-version":[{"id":79292,"href":"https:\/\/corrientesdetarde.com\/index.php\/wp-json\/wp\/v2\/posts\/79278\/revisions\/79292"}],"wp:featuredmedia":[{"embeddable":true,"href":"https:\/\/corrientesdetarde.com\/index.php\/wp-json\/wp\/v2\/media\/79290"}],"wp:attachment":[{"href":"https:\/\/corrientesdetarde.com\/index.php\/wp-json\/wp\/v2\/media?parent=79278"}],"wp:term":[{"taxonomy":"category","embeddable":true,"href":"https:\/\/corrientesdetarde.com\/index.php\/wp-json\/wp\/v2\/categories?post=79278"},{"taxonomy":"post_tag","embeddable":true,"href":"https:\/\/corrientesdetarde.com\/index.php\/wp-json\/wp\/v2\/tags?post=79278"}],"curies":[{"name":"wp","href":"https:\/\/api.w.org\/{rel}","templated":true}]}}