{"id":79294,"date":"2023-08-08T20:29:17","date_gmt":"2023-08-08T23:29:17","guid":{"rendered":"https:\/\/corrientesdetarde.com\/?p=79294"},"modified":"2023-08-08T20:29:28","modified_gmt":"2023-08-08T23:29:28","slug":"el-papa-francisco-advirtio-sobre-los-peligros-potenciales-de-la-inteligencia-artificial","status":"publish","type":"post","link":"https:\/\/corrientesdetarde.com\/index.php\/internacionales\/el-papa-francisco-advirtio-sobre-los-peligros-potenciales-de-la-inteligencia-artificial\/","title":{"rendered":"El papa Francisco advirti\u00f3 sobre los peligros potenciales de la inteligencia artificial"},"content":{"rendered":"\n<p>El Sumo Pont\u00edfice pidi\u00f3 una reflexi\u00f3n global sobre los peligros potenciales de la nueva tecnolog\u00eda.<\/p>\n\n\n\n<p>El&nbsp;<strong>Papa Francisco<\/strong>&nbsp;pidi\u00f3 este martes una reflexi\u00f3n global sobre los peligros potenciales de la inteligencia artificial (IA), y se\u00f1al\u00f3 las &#8220;posibilidades disruptivas y los efectos ambivalentes&#8221; de la nueva tecnolog\u00eda.<\/p>\n\n\n\n<p><strong>Francisco<\/strong>, quien tiene 86 a\u00f1os y admiti\u00f3 en el pasado que no sabe usar una computadora, lanz\u00f3 la advertencia en un mensaje para la pr\u00f3xima Jornada Mundial de la Paz de la Iglesia Cat\u00f3lica, que cae en el d\u00eda de A\u00f1o Nuevo.<\/p>\n\n\n\n<p>El&nbsp;<strong>Vaticano<\/strong>&nbsp;difundi\u00f3 el mensaje con mucha antelaci\u00f3n, como es costumbre, aclar\u00f3 la agencia de noticias Reuters.<\/p>\n\n\n\n<p><br>E<strong>l Papa<\/strong>&nbsp;\u201crecuerda la necesidad de estar atentos y trabajar para que no arraigue una l\u00f3gica de violencia y discriminaci\u00f3n en la producci\u00f3n y uso de tales dispositivos, a expensas de los m\u00e1s fr\u00e1giles y excluidos\u201d, se lee.<\/p>\n\n\n\n<p><strong>\u201cLa urgente necesidad de orientar el concepto y uso de la inteligencia artificial de manera responsable, para que est\u00e9 al servicio de la humanidad y la protecci\u00f3n de nuestra casa com\u00fan, exige que la reflexi\u00f3n \u00e9tica se extienda al \u00e1mbito de la educaci\u00f3n y el derecho&#8221;,<\/strong>&nbsp;agrega.<\/p>\n\n\n\n<p><strong>En 2015, Francisco reconoci\u00f3 ser &#8220;un desastre&#8221; con la tecnolog\u00eda, pero tambi\u00e9n llam\u00f3 a Internet, las redes sociales y los mensajes de texto &#8220;un regalo de Dios&#8221;,<\/strong>&nbsp;siempre que se usen con prudencia.<\/p>\n\n\n\n<p>En 2020, el&nbsp;<strong>Vaticano<\/strong>&nbsp;uni\u00f3 fuerzas con los gigantes tecnol\u00f3gicos Microsoft (MSFT.O) e IBM (IBM.N) para promover el desarrollo \u00e9tico de la IA y pedir la regulaci\u00f3n de tecnolog\u00edas intrusivas como el reconocimiento facial.<\/p>\n","protected":false},"excerpt":{"rendered":"<p>El Sumo Pont\u00edfice pidi\u00f3 una reflexi\u00f3n global sobre los peligros potenciales de la nueva tecnolog\u00eda. El&nbsp;Papa Francisco&nbsp;pidi\u00f3 este martes una reflexi\u00f3n global sobre los peligros potenciales de la inteligencia artificial&hellip; <\/p>\n","protected":false},"author":4,"featured_media":79306,"comment_status":"closed","ping_status":"open","sticky":false,"template":"","format":"standard","meta":{"footnotes":""},"categories":[11],"tags":[],"class_list":["post-79294","post","type-post","status-publish","format-standard","has-post-thumbnail","hentry","category-internacionales"],"_links":{"self":[{"href":"https:\/\/corrientesdetarde.com\/index.php\/wp-json\/wp\/v2\/posts\/79294","targetHints":{"allow":["GET"]}}],"collection":[{"href":"https:\/\/corrientesdetarde.com\/index.php\/wp-json\/wp\/v2\/posts"}],"about":[{"href":"https:\/\/corrientesdetarde.com\/index.php\/wp-json\/wp\/v2\/types\/post"}],"author":[{"embeddable":true,"href":"https:\/\/corrientesdetarde.com\/index.php\/wp-json\/wp\/v2\/users\/4"}],"replies":[{"embeddable":true,"href":"https:\/\/corrientesdetarde.com\/index.php\/wp-json\/wp\/v2\/comments?post=79294"}],"version-history":[{"count":1,"href":"https:\/\/corrientesdetarde.com\/index.php\/wp-json\/wp\/v2\/posts\/79294\/revisions"}],"predecessor-version":[{"id":79307,"href":"https:\/\/corrientesdetarde.com\/index.php\/wp-json\/wp\/v2\/posts\/79294\/revisions\/79307"}],"wp:featuredmedia":[{"embeddable":true,"href":"https:\/\/corrientesdetarde.com\/index.php\/wp-json\/wp\/v2\/media\/79306"}],"wp:attachment":[{"href":"https:\/\/corrientesdetarde.com\/index.php\/wp-json\/wp\/v2\/media?parent=79294"}],"wp:term":[{"taxonomy":"category","embeddable":true,"href":"https:\/\/corrientesdetarde.com\/index.php\/wp-json\/wp\/v2\/categories?post=79294"},{"taxonomy":"post_tag","embeddable":true,"href":"https:\/\/corrientesdetarde.com\/index.php\/wp-json\/wp\/v2\/tags?post=79294"}],"curies":[{"name":"wp","href":"https:\/\/api.w.org\/{rel}","templated":true}]}}