{"id":79295,"date":"2023-08-08T20:26:53","date_gmt":"2023-08-08T23:26:53","guid":{"rendered":"https:\/\/corrientesdetarde.com\/?p=79295"},"modified":"2023-08-08T20:27:04","modified_gmt":"2023-08-08T23:27:04","slug":"por-la-tension-con-iran-mas-de-3-000-soldados-de-eeuu-ingresaron-al-mar-rojo","status":"publish","type":"post","link":"https:\/\/corrientesdetarde.com\/index.php\/internacionales\/por-la-tension-con-iran-mas-de-3-000-soldados-de-eeuu-ingresaron-al-mar-rojo\/","title":{"rendered":"Por la tensi\u00f3n con Ir\u00e1n, m\u00e1s de 3.000 soldados de EEUU ingresaron al Mar Rojo"},"content":{"rendered":"\n<p>Washington percibi\u00f3 &#8220;amenazas&#8221; de Teher\u00e1n y desplaz\u00f3 a sus soldados en dos buques de guerra propios.\u00a0<\/p>\n\n\n\n<p><strong>M\u00e1s de 3.000 marineros e infantes de marina de los Estados Unidos ingresaron al mar Rojo en el Medio Oriente a bordo de dos buques de guerra<\/strong>&nbsp;propios, inform\u00f3 la Marina de aquel pa\u00eds.<\/p>\n\n\n\n<p><strong>El despliegue tuvo lugar semanas despu\u00e9s de que el Departamento de Defensa (DoD, siglas en ingl\u00e9s) desplegara activos militares adicionales para el estrecho de Ormuz en respuesta a lo que Washington afirm\u00f3 que eran amenazas<\/strong>&nbsp;de parte de&nbsp;<strong>Ir\u00e1n<\/strong>.<\/p>\n\n\n\n<p>Los miembros del servicio pertenecen al<strong>&nbsp;Bataan Amphibious Ready Group (ARG) y a la 26\u00aa Unidad Expedicionaria de la Infanter\u00eda de Marina (MEU)<\/strong>, precis\u00f3 el Comando Central de las Fuerzas Navales de EE. UU. (USNAVCENT) en un comunicado.<\/p>\n\n\n\n<p>Los oficiales llegaron a la regi\u00f3n a bordo del<strong>&nbsp;buque de asalto anfibio USS Bataan<\/strong>&nbsp;y el&nbsp;<strong>nav\u00edo de desembarco USS Carter Hall<\/strong>&nbsp;despu\u00e9s de pasar por el canal de Suez.<\/p>\n\n\n\n<p>&#8220;Las unidades&nbsp;<strong>Bataan ARG\/26th MEU<\/strong>&nbsp;traen a la regi\u00f3n&nbsp;<strong>recursos navales y de aviaci\u00f3n adicionales, as\u00ed como m\u00e1s infantes de marina y marineros de EE. UU., proporcionando una mayor flexibilidad y capacidad mar\u00edtima a la 5\u00aa Flota de Estados Unidos&#8221;.<\/strong><\/p>\n\n\n\n<p><strong>Con base en Bahrein, la 5\u00aa Flota est\u00e1 bajo el mando de USNAVCENT y opera en un \u00e1rea que cubre el Golfo, el &#8220;golfo de Om\u00e1n, el mar Rojo, partes del Oc\u00e9ano \u00cdndico y tres zonas cr\u00edticas en el estrecho de Ormuz, el canal de Suez y estrecho de Bab al-Mandeb&#8221;<\/strong>, continu\u00f3 el comunicado, de cuyos p\u00e1rrafos se hizo eco la agencia de noticias Xinhua.<\/p>\n","protected":false},"excerpt":{"rendered":"<p>Washington percibi\u00f3 &#8220;amenazas&#8221; de Teher\u00e1n y desplaz\u00f3 a sus soldados en dos buques de guerra propios.\u00a0 M\u00e1s de 3.000 marineros e infantes de marina de los Estados Unidos ingresaron al&hellip; <\/p>\n","protected":false},"author":4,"featured_media":79302,"comment_status":"closed","ping_status":"open","sticky":false,"template":"","format":"standard","meta":{"footnotes":""},"categories":[11],"tags":[],"class_list":["post-79295","post","type-post","status-publish","format-standard","has-post-thumbnail","hentry","category-internacionales"],"_links":{"self":[{"href":"https:\/\/corrientesdetarde.com\/index.php\/wp-json\/wp\/v2\/posts\/79295","targetHints":{"allow":["GET"]}}],"collection":[{"href":"https:\/\/corrientesdetarde.com\/index.php\/wp-json\/wp\/v2\/posts"}],"about":[{"href":"https:\/\/corrientesdetarde.com\/index.php\/wp-json\/wp\/v2\/types\/post"}],"author":[{"embeddable":true,"href":"https:\/\/corrientesdetarde.com\/index.php\/wp-json\/wp\/v2\/users\/4"}],"replies":[{"embeddable":true,"href":"https:\/\/corrientesdetarde.com\/index.php\/wp-json\/wp\/v2\/comments?post=79295"}],"version-history":[{"count":1,"href":"https:\/\/corrientesdetarde.com\/index.php\/wp-json\/wp\/v2\/posts\/79295\/revisions"}],"predecessor-version":[{"id":79305,"href":"https:\/\/corrientesdetarde.com\/index.php\/wp-json\/wp\/v2\/posts\/79295\/revisions\/79305"}],"wp:featuredmedia":[{"embeddable":true,"href":"https:\/\/corrientesdetarde.com\/index.php\/wp-json\/wp\/v2\/media\/79302"}],"wp:attachment":[{"href":"https:\/\/corrientesdetarde.com\/index.php\/wp-json\/wp\/v2\/media?parent=79295"}],"wp:term":[{"taxonomy":"category","embeddable":true,"href":"https:\/\/corrientesdetarde.com\/index.php\/wp-json\/wp\/v2\/categories?post=79295"},{"taxonomy":"post_tag","embeddable":true,"href":"https:\/\/corrientesdetarde.com\/index.php\/wp-json\/wp\/v2\/tags?post=79295"}],"curies":[{"name":"wp","href":"https:\/\/api.w.org\/{rel}","templated":true}]}}