{"id":79296,"date":"2023-08-08T20:13:32","date_gmt":"2023-08-08T23:13:32","guid":{"rendered":"https:\/\/corrientesdetarde.com\/?p=79296"},"modified":"2023-08-08T20:13:44","modified_gmt":"2023-08-08T23:13:44","slug":"massa-prometio-salir-a-la-caza-de-los-que-especulan-con-el-dolar-blue","status":"publish","type":"post","link":"https:\/\/corrientesdetarde.com\/index.php\/economia\/massa-prometio-salir-a-la-caza-de-los-que-especulan-con-el-dolar-blue\/","title":{"rendered":"Massa prometi\u00f3 salir a la caza de los que especulan con el d\u00f3lar blue"},"content":{"rendered":"\n<p>&#8220;Ma\u00f1ana les vamos a hacer sentir el rigor con todos los\u00a0instrumentos que tiene la UIF&#8221;, anticip\u00f3 el ministro de Econom\u00eda.<\/p>\n\n\n\n<p>El ministro de Econom\u00eda,\u00a0<strong>Sergio\u00a0Massa,<\/strong>\u00a0anunci\u00f3 que desde\u00a0este mi\u00e9rcoles\u00a0<strong>se profundizar\u00e1n los\u00a0controles sobre el mercado de cambios<\/strong>, para impedir maniobras especulativas, luego de que ,\u00a0<strong>el d\u00f3lar marginal tocara hoy los $600<\/strong>.<\/p>\n\n\n\n<p>El titular del Palacio de Hacienda&nbsp;<strong>vincul\u00f3 la suba del d\u00f3lar blue con maniobras especulativas<\/strong>&nbsp;y dijo se endurecer\u00e1n los controles, con la intervenci\u00f3n de la<strong>&nbsp;Unidad de Informaci\u00f3n Financiera (UIF)<\/strong>.<\/p>\n\n\n\n<p>La suba de la divisa en el mercado marginal provoca trastornos en la comercializaci\u00f3n, ya que&nbsp;<strong>hay sectores que venden sin precio, a la espera de que se estabilice la moneda norteamericana.<\/strong><\/p>\n\n\n\n<p>Sobre el comportamiento del&nbsp;<strong>d\u00f3lar blue<\/strong>, Massa se\u00f1al\u00f3 que &#8220;parec\u00eda que bajaba, despu\u00e9s volvieron a aparecer los mismos p\u00edcaros, que ayer estuvieron jugueteando&#8221;.<\/p>\n\n\n\n<p>&#8220;Ma\u00f1ana les vamos a hacer sentir el rigor con todos los&nbsp;instrumentos que tiene la UIF&#8221;, advirti\u00f3 el ministro tras&nbsp;<strong>el acto&nbsp;que encabez\u00f3 en Tortuguitas con la CGT, de apoyo a su candidatura.<\/strong><\/p>\n\n\n\n<p>El ministro reconoci\u00f3 que la suba del d\u00f3lar informal &#8220;altera a&nbsp;la gente&#8221; y dijo que &#8220;mientras los d\u00f3lares financieros y oficial tengan estabilidad, los procesos especulativos se dan alrededor de ese mercado&#8221;.<\/p>\n\n\n\n<p>Massa confirm\u00f3 as\u00ed la puesta en marcha de la mesa que se&nbsp;conform\u00f3 el viernes pasado, durante una ronda de consultas con&nbsp;funcionarios del Banco Central, la Comisi\u00f3n Nacional de Valores&nbsp;(CNV), la UIF y el Ministerio de Seguridad.<\/p>\n\n\n\n<p>En esa reuni\u00f3n se acordaron&nbsp;<strong>medidas &#8220;preventivas&#8221; para&nbsp;monitorear m\u00e1s de cerca el mercado cambiario y financiero en la&nbsp;previa a las PASO.<\/strong><\/p>\n\n\n\n<p>Desde la \u00faltima corrida en abril pasado, las inspecciones en la&nbsp;city se multiplicaron para detectar supuestas&nbsp;<strong>operaciones&nbsp;irregulares<\/strong>, sin poder&nbsp;<strong>frenar la suba de la cotizaci\u00f3n del d\u00f3lar&nbsp;marginal.<\/strong><\/p>\n","protected":false},"excerpt":{"rendered":"<p>&#8220;Ma\u00f1ana les vamos a hacer sentir el rigor con todos los\u00a0instrumentos que tiene la UIF&#8221;, anticip\u00f3 el ministro de Econom\u00eda. El ministro de Econom\u00eda,\u00a0Sergio\u00a0Massa,\u00a0anunci\u00f3 que desde\u00a0este mi\u00e9rcoles\u00a0se profundizar\u00e1n los\u00a0controles sobre&hellip; <\/p>\n","protected":false},"author":4,"featured_media":79297,"comment_status":"closed","ping_status":"open","sticky":false,"template":"","format":"standard","meta":{"footnotes":""},"categories":[20],"tags":[],"class_list":["post-79296","post","type-post","status-publish","format-standard","has-post-thumbnail","hentry","category-economia"],"_links":{"self":[{"href":"https:\/\/corrientesdetarde.com\/index.php\/wp-json\/wp\/v2\/posts\/79296","targetHints":{"allow":["GET"]}}],"collection":[{"href":"https:\/\/corrientesdetarde.com\/index.php\/wp-json\/wp\/v2\/posts"}],"about":[{"href":"https:\/\/corrientesdetarde.com\/index.php\/wp-json\/wp\/v2\/types\/post"}],"author":[{"embeddable":true,"href":"https:\/\/corrientesdetarde.com\/index.php\/wp-json\/wp\/v2\/users\/4"}],"replies":[{"embeddable":true,"href":"https:\/\/corrientesdetarde.com\/index.php\/wp-json\/wp\/v2\/comments?post=79296"}],"version-history":[{"count":1,"href":"https:\/\/corrientesdetarde.com\/index.php\/wp-json\/wp\/v2\/posts\/79296\/revisions"}],"predecessor-version":[{"id":79298,"href":"https:\/\/corrientesdetarde.com\/index.php\/wp-json\/wp\/v2\/posts\/79296\/revisions\/79298"}],"wp:featuredmedia":[{"embeddable":true,"href":"https:\/\/corrientesdetarde.com\/index.php\/wp-json\/wp\/v2\/media\/79297"}],"wp:attachment":[{"href":"https:\/\/corrientesdetarde.com\/index.php\/wp-json\/wp\/v2\/media?parent=79296"}],"wp:term":[{"taxonomy":"category","embeddable":true,"href":"https:\/\/corrientesdetarde.com\/index.php\/wp-json\/wp\/v2\/categories?post=79296"},{"taxonomy":"post_tag","embeddable":true,"href":"https:\/\/corrientesdetarde.com\/index.php\/wp-json\/wp\/v2\/tags?post=79296"}],"curies":[{"name":"wp","href":"https:\/\/api.w.org\/{rel}","templated":true}]}}