{"id":79299,"date":"2023-08-08T20:24:30","date_gmt":"2023-08-08T23:24:30","guid":{"rendered":"https:\/\/corrientesdetarde.com\/?p=79299"},"modified":"2023-08-08T20:24:41","modified_gmt":"2023-08-08T23:24:41","slug":"se-rompio-la-racha-de-compras-de-divisas-del-banco-central-y-se-acelera-la-devaluacion","status":"publish","type":"post","link":"https:\/\/corrientesdetarde.com\/index.php\/economia\/se-rompio-la-racha-de-compras-de-divisas-del-banco-central-y-se-acelera-la-devaluacion\/","title":{"rendered":"Se rompi\u00f3 la racha de compras de divisas del Banco Central y se acelera la devaluaci\u00f3n"},"content":{"rendered":"\n<p>El dato negativo se produjo mientras la autoridad monetaria empuj\u00f3 la depreciaci\u00f3n del peso.<\/p>\n\n\n\n<p><strong>El Banco Central interrumpi\u00f3 hoy la racha compradora de divisas, en medio de la disparada de compras de d\u00f3lares por parte de las empresas, mientras se acelera la depreciaci\u00f3n del peso en el mercado mayorista.<\/strong><\/p>\n\n\n\n<p>La racha compradora de reservas reiniciada tras la reformulaci\u00f3n -a fin de julio- del Programa de Incentivo Exportador (PIE), tuvo as\u00ed su segunda interrupci\u00f3n este martes.<\/p>\n\n\n\n<p>La seguidilla, que se hab\u00eda extendido por 10 de las \u00faltimas 11 ruedas, se cort\u00f3 al tener que aportar el ente monetario al mercado unos US$ 21 millones netos, resignando una cifra muy similar a la recomprada el lunes.<\/p>\n\n\n\n<p>A eso colabor\u00f3&nbsp;<strong>la reducci\u00f3n del 36% que mostraron las liquidaciones del d\u00f3lar agro, al caer de US$ 132,4 millones a US$ 85 millones con relaci\u00f3n a lo ingresado el lunes.<\/strong><\/p>\n\n\n\n<p>El programa ya&nbsp;<strong>aport\u00f3 US$ 1.830 millones al mercado oficial<\/strong>, cifra que representa el 92% del objetivo inicial de US$ 2.000 millones que persegu\u00eda el Gobierno.<\/p>\n\n\n\n<p>De ese total aportado, el BCRA logr\u00f3 conservar unos US$ 1.274 millones netos, lo que<strong>&nbsp;supone una tasa de retenci\u00f3n del 69,5%<\/strong>, que fue posible por los recortes extra aplicados a la demanda de divisas en paralelo.<\/p>\n\n\n\n<p>El dato negativo se produjo mientras la autoridad monetaria aceler\u00f3 la depreciaci\u00f3n del peso.<\/p>\n\n\n\n<p><strong>El d\u00f3lar mayorista subi\u00f3 un peso, a $284,20 por unidad para la venta, y as\u00ed acumula un avance de $4,85 en los dos primeros d\u00edas de esta semana.<\/strong><\/p>\n\n\n\n<p>El tipo de cambio se movi\u00f3 a un ritmo del 11,6% mensual (inferior al del 14,6% que hab\u00eda llegado a marcar el lunes).<\/p>\n\n\n\n<p>La aceleraci\u00f3n en el ritmo de deslizamiento del d\u00f3lar mayorista, muy por encima de lo que ven\u00eda sucediendo en los meses previos, cuando corr\u00eda cerca de la inflaci\u00f3n, es un dato en l\u00ednea con lo que reclama el FMI.<\/p>\n","protected":false},"excerpt":{"rendered":"<p>El dato negativo se produjo mientras la autoridad monetaria empuj\u00f3 la depreciaci\u00f3n del peso. El Banco Central interrumpi\u00f3 hoy la racha compradora de divisas, en medio de la disparada de&hellip; <\/p>\n","protected":false},"author":4,"featured_media":79300,"comment_status":"closed","ping_status":"open","sticky":false,"template":"","format":"standard","meta":{"footnotes":""},"categories":[20],"tags":[],"class_list":["post-79299","post","type-post","status-publish","format-standard","has-post-thumbnail","hentry","category-economia"],"_links":{"self":[{"href":"https:\/\/corrientesdetarde.com\/index.php\/wp-json\/wp\/v2\/posts\/79299","targetHints":{"allow":["GET"]}}],"collection":[{"href":"https:\/\/corrientesdetarde.com\/index.php\/wp-json\/wp\/v2\/posts"}],"about":[{"href":"https:\/\/corrientesdetarde.com\/index.php\/wp-json\/wp\/v2\/types\/post"}],"author":[{"embeddable":true,"href":"https:\/\/corrientesdetarde.com\/index.php\/wp-json\/wp\/v2\/users\/4"}],"replies":[{"embeddable":true,"href":"https:\/\/corrientesdetarde.com\/index.php\/wp-json\/wp\/v2\/comments?post=79299"}],"version-history":[{"count":1,"href":"https:\/\/corrientesdetarde.com\/index.php\/wp-json\/wp\/v2\/posts\/79299\/revisions"}],"predecessor-version":[{"id":79301,"href":"https:\/\/corrientesdetarde.com\/index.php\/wp-json\/wp\/v2\/posts\/79299\/revisions\/79301"}],"wp:featuredmedia":[{"embeddable":true,"href":"https:\/\/corrientesdetarde.com\/index.php\/wp-json\/wp\/v2\/media\/79300"}],"wp:attachment":[{"href":"https:\/\/corrientesdetarde.com\/index.php\/wp-json\/wp\/v2\/media?parent=79299"}],"wp:term":[{"taxonomy":"category","embeddable":true,"href":"https:\/\/corrientesdetarde.com\/index.php\/wp-json\/wp\/v2\/categories?post=79299"},{"taxonomy":"post_tag","embeddable":true,"href":"https:\/\/corrientesdetarde.com\/index.php\/wp-json\/wp\/v2\/tags?post=79299"}],"curies":[{"name":"wp","href":"https:\/\/api.w.org\/{rel}","templated":true}]}}