{"id":79310,"date":"2023-08-08T20:59:35","date_gmt":"2023-08-08T23:59:35","guid":{"rendered":"https:\/\/corrientesdetarde.com\/?p=79310"},"modified":"2023-08-08T20:59:42","modified_gmt":"2023-08-08T23:59:42","slug":"julio-fue-el-mas-caluroso-registrado-en-el-mundo-advirtieron-cientificos-de-la-ue","status":"publish","type":"post","link":"https:\/\/corrientesdetarde.com\/index.php\/clima\/julio-fue-el-mas-caluroso-registrado-en-el-mundo-advirtieron-cientificos-de-la-ue\/","title":{"rendered":"Julio fue el m\u00e1s caluroso registrado en el mundo, advirtieron cient\u00edficos de la UE"},"content":{"rendered":"\n<p>&#8220;Acabamos de presenciar que las temperaturas globales del aire y las temperaturas globales de la superficie del oc\u00e9ano establecieron nuevos r\u00e9cords hist\u00f3ricos en julio&#8221;, declar\u00f3 una cient\u00edfica.<\/p>\n\n\n\n<p><strong>El mes pasado fue el julio m\u00e1s caluroso registrado<\/strong>, con temperaturas anormalmente altas registradas tanto en tierra como en el mar, inform\u00f3 este martes el panel de cambio clim\u00e1tico Copernicus de la Uni\u00f3n Europea.<\/p>\n\n\n\n<p>Los cient\u00edficos advirtieron a fines del mes pasado que estaba en camino de convertirse en&nbsp;<strong>el mes m\u00e1s caluroso registrado en el mundo.<\/strong><\/p>\n\n\n\n<p><strong>Este a\u00f1o ha sido el tercero m\u00e1s c\u00e1lido hasta la fecha,<\/strong>&nbsp;apunt\u00f3 la subdirectora de Copernicus, Samantha Burgess.<\/p>\n\n\n\n<p><strong>&#8220;Acabamos de presenciar que las temperaturas globales del aire y las temperaturas globales de la superficie del oc\u00e9ano establecieron nuevos r\u00e9cords hist\u00f3ricos en julio.&nbsp;<\/strong>Muestra la urgencia de realizar esfuerzos ambiciosos para reducir&nbsp;las emisiones globales de gases de efecto invernadero, que son el&nbsp;principal impulsor detr\u00e1s de estos r\u00e9cords&#8221;, declar\u00f3.<\/p>\n\n\n\n<p><strong>Junio \u200b\u200btambi\u00e9n hab\u00eda superado el r\u00e9cord de temperatura anterior de&nbsp;<\/strong><strong>ese mes,<\/strong>&nbsp;seg\u00fan Copernicus, que basa sus c\u00e1lculos en un conjunto de&nbsp;datos que se remonta a 1950.<\/p>\n\n\n\n<p><strong>Las temperaturas sofocantes afectaron a partes considerables&nbsp;del&nbsp;<\/strong><strong>planeta,<\/strong>&nbsp;con r\u00e9cords de calor registrados desde el Valle de la&nbsp;Muerte en el&nbsp; estado estadounidense de California hasta un&nbsp;municipio&nbsp;del noroeste de China mientras que Canad\u00e1 y el sur de Europa luchan contra los incendios forestales.<\/p>\n\n\n\n<p><strong>El hielo marino en la regi\u00f3n ant\u00e1rtica cay\u00f3 a un m\u00ednimo&nbsp;<\/strong><strong>hist\u00f3rico este a\u00f1o como resultado del aumento de las temperaturas&nbsp;<\/strong><strong>globales<\/strong>&nbsp;y no existe una soluci\u00f3n r\u00e1pida para revertir el da\u00f1o&nbsp;causado, consideraron cient\u00edficos en un nuevo estudio del&nbsp;impacto del cambio clim\u00e1tico en el continente.<\/p>\n\n\n\n<p><strong>La capa m\u00ednima de hielo de verano del continente, que el a\u00f1o&nbsp;pasado cay\u00f3 por debajo de los 2 millones de kil\u00f3metros cuadrados&nbsp;<\/strong>(772 000 millas cuadradas) por primera vez desde que comenz\u00f3 el&nbsp;monitoreo satelital en 1978, descendi\u00f3 a\u00fan m\u00e1s a un nuevo m\u00ednimo en&nbsp;febrero, seg\u00fan un estudio publicado en la revista Frontiers.<\/p>\n","protected":false},"excerpt":{"rendered":"<p>&#8220;Acabamos de presenciar que las temperaturas globales del aire y las temperaturas globales de la superficie del oc\u00e9ano establecieron nuevos r\u00e9cords hist\u00f3ricos en julio&#8221;, declar\u00f3 una cient\u00edfica. El mes pasado&hellip; <\/p>\n","protected":false},"author":4,"featured_media":79311,"comment_status":"closed","ping_status":"open","sticky":false,"template":"","format":"standard","meta":{"footnotes":""},"categories":[29],"tags":[],"class_list":["post-79310","post","type-post","status-publish","format-standard","has-post-thumbnail","hentry","category-clima"],"_links":{"self":[{"href":"https:\/\/corrientesdetarde.com\/index.php\/wp-json\/wp\/v2\/posts\/79310","targetHints":{"allow":["GET"]}}],"collection":[{"href":"https:\/\/corrientesdetarde.com\/index.php\/wp-json\/wp\/v2\/posts"}],"about":[{"href":"https:\/\/corrientesdetarde.com\/index.php\/wp-json\/wp\/v2\/types\/post"}],"author":[{"embeddable":true,"href":"https:\/\/corrientesdetarde.com\/index.php\/wp-json\/wp\/v2\/users\/4"}],"replies":[{"embeddable":true,"href":"https:\/\/corrientesdetarde.com\/index.php\/wp-json\/wp\/v2\/comments?post=79310"}],"version-history":[{"count":1,"href":"https:\/\/corrientesdetarde.com\/index.php\/wp-json\/wp\/v2\/posts\/79310\/revisions"}],"predecessor-version":[{"id":79312,"href":"https:\/\/corrientesdetarde.com\/index.php\/wp-json\/wp\/v2\/posts\/79310\/revisions\/79312"}],"wp:featuredmedia":[{"embeddable":true,"href":"https:\/\/corrientesdetarde.com\/index.php\/wp-json\/wp\/v2\/media\/79311"}],"wp:attachment":[{"href":"https:\/\/corrientesdetarde.com\/index.php\/wp-json\/wp\/v2\/media?parent=79310"}],"wp:term":[{"taxonomy":"category","embeddable":true,"href":"https:\/\/corrientesdetarde.com\/index.php\/wp-json\/wp\/v2\/categories?post=79310"},{"taxonomy":"post_tag","embeddable":true,"href":"https:\/\/corrientesdetarde.com\/index.php\/wp-json\/wp\/v2\/tags?post=79310"}],"curies":[{"name":"wp","href":"https:\/\/api.w.org\/{rel}","templated":true}]}}