{"id":79313,"date":"2023-08-08T21:28:49","date_gmt":"2023-08-09T00:28:49","guid":{"rendered":"https:\/\/corrientesdetarde.com\/?p=79313"},"modified":"2023-08-08T21:30:31","modified_gmt":"2023-08-09T00:30:31","slug":"una-correntina-fue-convocada-a-exponer-una-de-sus-obras-en-el-museo-del-louvre-de-paris","status":"publish","type":"post","link":"https:\/\/corrientesdetarde.com\/index.php\/cultura\/una-correntina-fue-convocada-a-exponer-una-de-sus-obras-en-el-museo-del-louvre-de-paris\/","title":{"rendered":"Una Correntina fue convocada a exponer  una de sus obras en el Museo del Louvre de Par\u00eds"},"content":{"rendered":"\n<p>La artista correntina &nbsp;Daniela Maciel cont\u00f3 con mucha alegr\u00eda que fue convocada a exponer una de sus obras en el Museo del Louvre en Par\u00eds. Se trata de la exposici\u00f3n &#8220;Artshopping&#8221; que se realiza en octubre y es el evento cultural m\u00e1s importante de Europa y el mundo.<\/p>\n\n\n\n<p>Daniela Maciel es una destacada artista correntina nacida en Curuz\u00fa Cuati\u00e1. Recientemente cont\u00f3 a trav\u00e9s de sus redes sociales que fue convocada a exponer una de sus obras en el Museo del Louvre de Par\u00eds.&nbsp;<\/p>\n\n\n\n<figure class=\"wp-block-image\"><img decoding=\"async\" src=\"https:\/\/www.diarioepoca.com\/content\/bucket\/7\/1312777w762h761c.jpg.webp\" alt=\"\"\/><\/figure>\n\n\n\n<p>&#8220;Fui seleccionada por la galer\u00eda Artes Reales Gallery, para exponer en la exposici\u00f3n &#8220;Artshopping&#8221; , que es el evento cultural m\u00e1s importante de Europa y el mundo&#8221;, revel\u00f3 la artista sobre el evento que se realizar\u00e1 en octubre en el marco de la semana del arte.<\/p>\n\n\n\n<figure class=\"wp-block-image\"><img decoding=\"async\" src=\"https:\/\/www.diarioepoca.com\/content\/bucket\/2\/1312772h720.jpg.webp\" alt=\"326118635_1178483149449723_8257317590671542882_n.jpg\"\/><\/figure>\n\n\n\n<figure class=\"wp-block-image\"><img decoding=\"async\" src=\"https:\/\/www.diarioepoca.com\/content\/bucket\/3\/1312773h720.jpg.webp\" alt=\"326162079_725022839280372_5626010357002878687_n.jpg\"\/><\/figure>\n\n\n\n<figure class=\"wp-block-image\"><img decoding=\"async\" src=\"https:\/\/www.diarioepoca.com\/content\/bucket\/4\/1312774h720.jpg.webp\" alt=\"326121177_6119473521436641_5184667260721271147_n.jpg\"\/><\/figure>\n\n\n\n<figure class=\"wp-block-image\"><img decoding=\"async\" src=\"https:\/\/www.diarioepoca.com\/content\/bucket\/5\/1312775h720.jpg.webp\" alt=\"325911852_1146385169358213_22397810736315313_n.jpg\"\/><\/figure>\n\n\n\n<p>&#8220;Se realiza en el Carrousel du Louvre y re\u00fane a grandes artistas destacados de todo el mundo, coleccionistas, curadores y galer\u00edas. Estar\u00eda Representando a la Argentina, y obviamente a Corrientes, ya que seg\u00fan me comento el gestor, ser\u00eda la primer correntina en exponer en este evento. Lo cual me llena de orgullo y tambi\u00e9n me emociona porque creo que es un gran empuj\u00f3n para todos los artistas locales&#8221;, expres\u00f3.&nbsp;<\/p>\n","protected":false},"excerpt":{"rendered":"<p>La artista correntina &nbsp;Daniela Maciel cont\u00f3 con mucha alegr\u00eda que fue convocada a exponer una de sus obras en el Museo del Louvre en Par\u00eds. Se trata de la exposici\u00f3n&hellip; <\/p>\n","protected":false},"author":4,"featured_media":79314,"comment_status":"closed","ping_status":"open","sticky":false,"template":"","format":"standard","meta":{"footnotes":""},"categories":[15],"tags":[],"class_list":["post-79313","post","type-post","status-publish","format-standard","has-post-thumbnail","hentry","category-cultura"],"_links":{"self":[{"href":"https:\/\/corrientesdetarde.com\/index.php\/wp-json\/wp\/v2\/posts\/79313","targetHints":{"allow":["GET"]}}],"collection":[{"href":"https:\/\/corrientesdetarde.com\/index.php\/wp-json\/wp\/v2\/posts"}],"about":[{"href":"https:\/\/corrientesdetarde.com\/index.php\/wp-json\/wp\/v2\/types\/post"}],"author":[{"embeddable":true,"href":"https:\/\/corrientesdetarde.com\/index.php\/wp-json\/wp\/v2\/users\/4"}],"replies":[{"embeddable":true,"href":"https:\/\/corrientesdetarde.com\/index.php\/wp-json\/wp\/v2\/comments?post=79313"}],"version-history":[{"count":2,"href":"https:\/\/corrientesdetarde.com\/index.php\/wp-json\/wp\/v2\/posts\/79313\/revisions"}],"predecessor-version":[{"id":79316,"href":"https:\/\/corrientesdetarde.com\/index.php\/wp-json\/wp\/v2\/posts\/79313\/revisions\/79316"}],"wp:featuredmedia":[{"embeddable":true,"href":"https:\/\/corrientesdetarde.com\/index.php\/wp-json\/wp\/v2\/media\/79314"}],"wp:attachment":[{"href":"https:\/\/corrientesdetarde.com\/index.php\/wp-json\/wp\/v2\/media?parent=79313"}],"wp:term":[{"taxonomy":"category","embeddable":true,"href":"https:\/\/corrientesdetarde.com\/index.php\/wp-json\/wp\/v2\/categories?post=79313"},{"taxonomy":"post_tag","embeddable":true,"href":"https:\/\/corrientesdetarde.com\/index.php\/wp-json\/wp\/v2\/tags?post=79313"}],"curies":[{"name":"wp","href":"https:\/\/api.w.org\/{rel}","templated":true}]}}