{"id":7936,"date":"2022-10-02T21:01:32","date_gmt":"2022-10-03T00:01:32","guid":{"rendered":"https:\/\/corrientesdetarde.com\/?p=7936"},"modified":"2022-10-02T21:01:35","modified_gmt":"2022-10-03T00:01:35","slug":"fabian-doman-es-el-nuevo-presidente-de-independiente","status":"publish","type":"post","link":"https:\/\/corrientesdetarde.com\/index.php\/deportes\/fabian-doman-es-el-nuevo-presidente-de-independiente\/","title":{"rendered":"Fabi\u00e1n Doman es el nuevo presidente de Independiente."},"content":{"rendered":"\n<p>Se impuso ante las listas que encabezaron el oficialista Javier Mazza y Claudio Rudecindo. Votaron unos 15 mil socios.<\/p>\n\n\n\n<p>En una elecci\u00f3n hist\u00f3rica,<strong>\u00a0Fabi\u00e1n Doman<\/strong>\u00a0se convirti\u00f3 en el nuevo presidente del\u00a0<strong>Club Atl\u00e9tico Independiente.<\/strong>\u00a0La lista que encabez\u00f3 el periodista se impuso en los comicios que se desarrollaron este domingo en la sede del club en Avellaneda y, luego de ocho a\u00f1os, puso fin a la era de\u00a0<strong>Hugo Moyano<\/strong> al frente de la instituci\u00f3n.<\/p>\n\n\n\n<p>La lista denominada\u00a0<strong>\u201cUnidad Independiente\u201d\u00a0<\/strong>se qued\u00f3 con el triunfo tras superar a la f\u00f3rmula oficialista de \u201cAgrupaci\u00f3n Independiente\u201d, liderada por Javier Mazza, y a \u201cGente de Independiente\u201d, que llevaba como candidato a Claudio Rudecindo (58). Las primeras mesas escrutadas arrojan una victoria por un\u00a0<strong>65% de los votos.<\/strong><\/p>\n\n\n\n<figure class=\"wp-block-image size-large\"><img loading=\"lazy\" decoding=\"async\" width=\"853\" height=\"1024\" src=\"https:\/\/corrientesdetarde.com\/wp-content\/uploads\/2022\/10\/LXV6ZXBGKVHKJBOQNR435Q2KIM-853x1024.jpg\" alt=\"\" class=\"wp-image-7937\" srcset=\"https:\/\/corrientesdetarde.com\/wp-content\/uploads\/2022\/10\/LXV6ZXBGKVHKJBOQNR435Q2KIM-853x1024.jpg 853w, https:\/\/corrientesdetarde.com\/wp-content\/uploads\/2022\/10\/LXV6ZXBGKVHKJBOQNR435Q2KIM-250x300.jpg 250w, https:\/\/corrientesdetarde.com\/wp-content\/uploads\/2022\/10\/LXV6ZXBGKVHKJBOQNR435Q2KIM-768x922.jpg 768w, https:\/\/corrientesdetarde.com\/wp-content\/uploads\/2022\/10\/LXV6ZXBGKVHKJBOQNR435Q2KIM-1279x1536.jpg 1279w, https:\/\/corrientesdetarde.com\/wp-content\/uploads\/2022\/10\/LXV6ZXBGKVHKJBOQNR435Q2KIM.jpg 1440w\" sizes=\"auto, (max-width: 853px) 100vw, 853px\" \/><\/figure>\n\n\n\n<p>Unos 15 mil socios emitieron su voto durante una larga jornada que comenz\u00f3 a las 9 de la ma\u00f1ana y que termin\u00f3 pasadas las 19, cuando se cerraron las \u00faltimas mesas. Las autoridades debieron extender el horario de los comicios una hora m\u00e1s (originalmente era hasta las 18) debido a la gran cantidad de gente que se acerc\u00f3 al lugar.<\/p>\n\n\n\n<p>Por momentos hubo m\u00e1s de diez cuadras de fila de socios esperando para votar. Con el objetivo de vitar desmanes, se dispuso un operativo de seguridad con m\u00e1s de 350 efectivos policiales.<\/p>\n\n\n\n<p>Jaqueado por un presente deportivo por irregular y ensombrecido por una actualidad econ\u00f3mica que llev\u00f3 a aprobar una Memoria y Balance con m\u00e1s de 4500 millones de pesos de pasivo, las nuevas autoridades tendr\u00e1n la responsabilidad de emprender el camino de la reconstrucci\u00f3n.<\/p>\n\n\n\n<p>Con un perfil claramente antag\u00f3nico a la actual gesti\u00f3n, Doman tiene como laderos a&nbsp;<strong>N\u00e9stor Grindetti<\/strong>&nbsp;(actual Intendente de Lan\u00fas y referente provincial del PRO) y<strong>&nbsp;Juan Marconi<\/strong>&nbsp;(periodista, es hijo de Guillermo, ex\u00e1rbitro y fundador del Sadra).<\/p>\n\n\n\n<p>El periodista encabezar\u00e1 una gesti\u00f3n que se extender\u00e1 durante los pr\u00f3ximos cuatro a\u00f1os. La ceremonia de asunci\u00f3n de las nuevas autoridades del club ser\u00e1 el martes 11 de octubre.<\/p>\n","protected":false},"excerpt":{"rendered":"<p>Se impuso ante las listas que encabezaron el oficialista Javier Mazza y Claudio Rudecindo. Votaron unos 15 mil socios. En una elecci\u00f3n hist\u00f3rica,\u00a0Fabi\u00e1n Doman\u00a0se convirti\u00f3 en el nuevo presidente del\u00a0Club&hellip; <\/p>\n","protected":false},"author":6,"featured_media":7938,"comment_status":"closed","ping_status":"open","sticky":false,"template":"","format":"standard","meta":{"footnotes":""},"categories":[4],"tags":[],"class_list":["post-7936","post","type-post","status-publish","format-standard","has-post-thumbnail","hentry","category-deportes"],"_links":{"self":[{"href":"https:\/\/corrientesdetarde.com\/index.php\/wp-json\/wp\/v2\/posts\/7936","targetHints":{"allow":["GET"]}}],"collection":[{"href":"https:\/\/corrientesdetarde.com\/index.php\/wp-json\/wp\/v2\/posts"}],"about":[{"href":"https:\/\/corrientesdetarde.com\/index.php\/wp-json\/wp\/v2\/types\/post"}],"author":[{"embeddable":true,"href":"https:\/\/corrientesdetarde.com\/index.php\/wp-json\/wp\/v2\/users\/6"}],"replies":[{"embeddable":true,"href":"https:\/\/corrientesdetarde.com\/index.php\/wp-json\/wp\/v2\/comments?post=7936"}],"version-history":[{"count":1,"href":"https:\/\/corrientesdetarde.com\/index.php\/wp-json\/wp\/v2\/posts\/7936\/revisions"}],"predecessor-version":[{"id":7939,"href":"https:\/\/corrientesdetarde.com\/index.php\/wp-json\/wp\/v2\/posts\/7936\/revisions\/7939"}],"wp:featuredmedia":[{"embeddable":true,"href":"https:\/\/corrientesdetarde.com\/index.php\/wp-json\/wp\/v2\/media\/7938"}],"wp:attachment":[{"href":"https:\/\/corrientesdetarde.com\/index.php\/wp-json\/wp\/v2\/media?parent=7936"}],"wp:term":[{"taxonomy":"category","embeddable":true,"href":"https:\/\/corrientesdetarde.com\/index.php\/wp-json\/wp\/v2\/categories?post=7936"},{"taxonomy":"post_tag","embeddable":true,"href":"https:\/\/corrientesdetarde.com\/index.php\/wp-json\/wp\/v2\/tags?post=7936"}],"curies":[{"name":"wp","href":"https:\/\/api.w.org\/{rel}","templated":true}]}}