{"id":7940,"date":"2022-10-02T21:07:41","date_gmt":"2022-10-03T00:07:41","guid":{"rendered":"https:\/\/corrientesdetarde.com\/?p=7940"},"modified":"2022-10-02T21:07:46","modified_gmt":"2022-10-03T00:07:46","slug":"en-el-presupuesto-nacional-2023-estan-previstos-mas-de-356-mil-millones-de-inversion-para-corrientes","status":"publish","type":"post","link":"https:\/\/corrientesdetarde.com\/index.php\/politica\/en-el-presupuesto-nacional-2023-estan-previstos-mas-de-356-mil-millones-de-inversion-para-corrientes\/","title":{"rendered":"En el presupuesto nacional 2023 est\u00e1n previstos m\u00e1s de $356 mil millones de inversi\u00f3n para Corrientes."},"content":{"rendered":"\n<p>A trav\u00e9s de su cuenta de Twitter, el legislador nacional Jorge Romero adelant\u00f3 que &#8220;El Presupuesto2023 que comenzamos a analizar en la C\u00e1mara de Diputados para Corrientes est\u00e1n previstos $356.400 millones de inversi\u00f3n del Gobierno Nacional, un 110% m\u00e1s que los fondos asignados en 2022, con 81% de suba promedio en env\u00edos de Coparticipaci\u00f3n Federal&#8221;.<\/p>\n\n\n\n<p>&#8220;En 9 meses del 2022 ingresaron al Tesoro correntino 26% m\u00e1s de recursos federales que en los 12 meses de 2021. Los fondos que el Gobierno le env\u00eda a Corrientes, financian el 87% del gasto del Gobierno de la Provincia&#8221; indica la publicaci\u00f3n.\u00a0<\/p>\n\n\n\n<figure class=\"wp-block-embed is-type-rich is-provider-twitter wp-block-embed-twitter\"><div class=\"wp-block-embed__wrapper\">\n<blockquote class=\"twitter-tweet\" data-width=\"550\" data-dnt=\"true\"><p lang=\"es\" dir=\"ltr\">Al cierre de Septiembre, la gesti\u00f3n de <a href=\"https:\/\/twitter.com\/alferdez?ref_src=twsrc%5Etfw\">@alferdez<\/a> y <a href=\"https:\/\/twitter.com\/CFKArgentina?ref_src=twsrc%5Etfw\">@CFKArgentina<\/a> ya le enviaron al Gobierno de Corrientes Coparticipaci\u00f3n con suba del 87,5%, recursos corrientes con 93% de aumento, recursos de capital 95% de mejora y ATN con 264% de suba [sigue]<a href=\"https:\/\/twitter.com\/hashtag\/DatoMataRelato?src=hash&amp;ref_src=twsrc%5Etfw\">#DatoMataRelato<\/a> <a href=\"https:\/\/t.co\/6FsN1AajhQ\">pic.twitter.com\/6FsN1AajhQ<\/a><\/p>&mdash; Jorge Antonio Romero (@JorgeRomeroCtes) <a href=\"https:\/\/twitter.com\/JorgeRomeroCtes\/status\/1576581613101588480?ref_src=twsrc%5Etfw\">October 2, 2022<\/a><\/blockquote><script async src=\"https:\/\/platform.twitter.com\/widgets.js\" charset=\"utf-8\"><\/script>\n<\/div><\/figure>\n","protected":false},"excerpt":{"rendered":"<p>A trav\u00e9s de su cuenta de Twitter, el legislador nacional Jorge Romero adelant\u00f3 que &#8220;El Presupuesto2023 que comenzamos a analizar en la C\u00e1mara de Diputados para Corrientes est\u00e1n previstos $356.400&hellip; <\/p>\n","protected":false},"author":6,"featured_media":7941,"comment_status":"closed","ping_status":"open","sticky":false,"template":"","format":"standard","meta":{"footnotes":""},"categories":[3],"tags":[],"class_list":["post-7940","post","type-post","status-publish","format-standard","has-post-thumbnail","hentry","category-politica"],"_links":{"self":[{"href":"https:\/\/corrientesdetarde.com\/index.php\/wp-json\/wp\/v2\/posts\/7940","targetHints":{"allow":["GET"]}}],"collection":[{"href":"https:\/\/corrientesdetarde.com\/index.php\/wp-json\/wp\/v2\/posts"}],"about":[{"href":"https:\/\/corrientesdetarde.com\/index.php\/wp-json\/wp\/v2\/types\/post"}],"author":[{"embeddable":true,"href":"https:\/\/corrientesdetarde.com\/index.php\/wp-json\/wp\/v2\/users\/6"}],"replies":[{"embeddable":true,"href":"https:\/\/corrientesdetarde.com\/index.php\/wp-json\/wp\/v2\/comments?post=7940"}],"version-history":[{"count":1,"href":"https:\/\/corrientesdetarde.com\/index.php\/wp-json\/wp\/v2\/posts\/7940\/revisions"}],"predecessor-version":[{"id":7943,"href":"https:\/\/corrientesdetarde.com\/index.php\/wp-json\/wp\/v2\/posts\/7940\/revisions\/7943"}],"wp:featuredmedia":[{"embeddable":true,"href":"https:\/\/corrientesdetarde.com\/index.php\/wp-json\/wp\/v2\/media\/7941"}],"wp:attachment":[{"href":"https:\/\/corrientesdetarde.com\/index.php\/wp-json\/wp\/v2\/media?parent=7940"}],"wp:term":[{"taxonomy":"category","embeddable":true,"href":"https:\/\/corrientesdetarde.com\/index.php\/wp-json\/wp\/v2\/categories?post=7940"},{"taxonomy":"post_tag","embeddable":true,"href":"https:\/\/corrientesdetarde.com\/index.php\/wp-json\/wp\/v2\/tags?post=7940"}],"curies":[{"name":"wp","href":"https:\/\/api.w.org\/{rel}","templated":true}]}}