{"id":79508,"date":"2023-08-09T16:12:10","date_gmt":"2023-08-09T19:12:10","guid":{"rendered":"https:\/\/corrientesdetarde.com\/?p=79508"},"modified":"2023-08-09T16:12:23","modified_gmt":"2023-08-09T19:12:23","slug":"larreta-y-bullrich-se-preparan-para-la-pelea-final-y-miran-con-preocupacion-el-repunte-de-milei","status":"publish","type":"post","link":"https:\/\/corrientesdetarde.com\/index.php\/politica\/larreta-y-bullrich-se-preparan-para-la-pelea-final-y-miran-con-preocupacion-el-repunte-de-milei\/","title":{"rendered":"Larreta y Bullrich se preparan para la pelea final y miran con preocupaci\u00f3n el repunte de Milei"},"content":{"rendered":"\n<p>Desde los equipos de ambos precandidatos presidenciales de Juntos por el Cambio se dan como ganadores de la interna. En paralelo, alerta en el sector financiero por los votos que pueda sacar el economista libertario.<\/p>\n\n\n\n<p>A cuatro d\u00edas de las pr\u00f3ximas elecciones primarias,\u00a0<strong>la centralidad de los resultados estar\u00e1 enfocada en la oposici\u00f3n<\/strong>. Qui\u00e9n ser\u00e1 el ganador de Juntos por el Cambio entre Horacio Rodr\u00edguez Larreta y Patricia Bullrich\u00a0\u00a0y, adem\u00e1s, la cantidad de votos que termine obteniendo el precandidato de La Libertad Avanza, Javier Milei.\u00a0<\/p>\n\n\n\n<p>A diferencia de otras oportunidades, no hay claridad ni certeza plena de antemano sobre qui\u00e9n triunfar\u00e1 en la interna de Juntos por el Cambio.<\/p>\n\n\n\n<p>Desde los equipos de campa\u00f1a tanto de Larreta como de Bullrich se adjudican ganadores, aunque difieren en la diferencia que obtendr\u00eda uno sobre el otro.<\/p>\n\n\n\n<p>Lo cierto es que todo parece indicar que ser\u00e1 una batalla \u201ccabeza a cabeza\u201d y, muchos indican, quien salga triunfante de esa contienda interna, podr\u00eda encaminarse a convertirse en el pr\u00f3ximo presidente de la Naci\u00f3n.<\/p>\n\n\n\n<figure class=\"wp-block-image\"><img decoding=\"async\" src=\"https:\/\/tn.com.ar\/resizer\/Mt66YI5ba3_KWHYePd-apniyA3A=\/767x0\/smart\/filters:format(webp)\/cloudfront-us-east-1.images.arcpublishing.com\/artear\/6J4DURMCBBF3ZKW3CRUHFYOQ2E.jpg\" alt=\"Patricia Bullrich y Horacio Rodr\u00edguez Larreta &quot;cabeza a cabeza&quot; en la definici\u00f3n de la interna presidencial de Juntos por el Cambio (Foto: T\u00e9lam).\"\/><\/figure>\n\n\n\n<p>Por el lado de la exministra de Seguridad, aseguran que le ganar\u00e1 a Larreta por un m\u00ednimo de cinco puntos en el peor de los escenarios y que esa diferencia, a esta altura, es indescontable.<\/p>\n\n\n\n<p>Mientras que en el armado del Jefe de Gobierno porte\u00f1o insisten con que retom\u00f3 una tendencia de crecimiento en las encuestas, sobre todo tras la elecci\u00f3n en la provincia de Santa Fe y que, por el contrario, Bullrich se habr\u00eda estancado y que la diferencia ser\u00eda a su favor y por m\u00e1s de dos puntos.<\/p>\n\n\n\n<p>M\u00e1s all\u00e1 de las individualidades, si se toma a Juntos por el Cambio en su conjunto, pr\u00e1cticamente la totalidad de las encuestas que circulan lo muestran en un promedio de 32%.<\/p>\n\n\n\n<p>Por otra parte, hay una&nbsp;<strong>gran expectativa en el sector financiero y bancario<\/strong>&nbsp;por el resultado de las PASO y la influencia que tendr\u00e1 al lunes siguiente.<\/p>\n\n\n\n<p>En ese marco, desde hace algunas jornadas, los bancos est\u00e1n tomando una serie de medidas para minimizar cualquier tipo de cimbronazo con el objetivo de evitar un escenario devaluatorio, salida de dep\u00f3sitos y compra de d\u00f3lares similar al que se vivi\u00f3 tras las elecciones primarias de 2019 con la derrota del expresidente&nbsp;<strong>Mauricio Macri<\/strong>.<\/p>\n\n\n\n<figure class=\"wp-block-image\"><img decoding=\"async\" src=\"https:\/\/tn.com.ar\/resizer\/76Kw4RwRUCo_iwxWe6nzgyrOqpw=\/767x0\/smart\/filters:format(webp)\/cloudfront-us-east-1.images.arcpublishing.com\/artear\/5KYIVW2Y62ABQB5GCNXCA7YAHY.jpg\" alt=\"El economista, Javier Milei, en el cierre de campa\u00f1a de su precandidatura presidencial. REUTERS\/Agustin Marcarian\"\/><\/figure>\n\n\n\n<p>A su vez, en el sector existe una considerable preocupaci\u00f3n por el crecimiento que volvi\u00f3 a mostrar la figura de Milei en el \u00faltimo tiempo.<\/p>\n\n\n\n<p>La cantidad de votos que pueda llegar a obtener el libertario podr\u00eda ser clave en las elecciones generales. La especulaci\u00f3n pasa porque un buen resultado pueda alimentar las expectativas de ir hacia una dolarizaci\u00f3n y que una importante cantidad de ciudadanos se vuelquen a comprar d\u00f3lares. Para eso, se han tomado medidas de contingencia para que el quiera sus d\u00f3lares, por ejemplo, de los plazos fijos los pueda tener el lunes.<\/p>\n","protected":false},"excerpt":{"rendered":"<p>Desde los equipos de ambos precandidatos presidenciales de Juntos por el Cambio se dan como ganadores de la interna. En paralelo, alerta en el sector financiero por los votos que&hellip; <\/p>\n","protected":false},"author":8,"featured_media":79509,"comment_status":"closed","ping_status":"open","sticky":false,"template":"","format":"standard","meta":{"footnotes":""},"categories":[3],"tags":[],"class_list":["post-79508","post","type-post","status-publish","format-standard","has-post-thumbnail","hentry","category-politica"],"_links":{"self":[{"href":"https:\/\/corrientesdetarde.com\/index.php\/wp-json\/wp\/v2\/posts\/79508","targetHints":{"allow":["GET"]}}],"collection":[{"href":"https:\/\/corrientesdetarde.com\/index.php\/wp-json\/wp\/v2\/posts"}],"about":[{"href":"https:\/\/corrientesdetarde.com\/index.php\/wp-json\/wp\/v2\/types\/post"}],"author":[{"embeddable":true,"href":"https:\/\/corrientesdetarde.com\/index.php\/wp-json\/wp\/v2\/users\/8"}],"replies":[{"embeddable":true,"href":"https:\/\/corrientesdetarde.com\/index.php\/wp-json\/wp\/v2\/comments?post=79508"}],"version-history":[{"count":1,"href":"https:\/\/corrientesdetarde.com\/index.php\/wp-json\/wp\/v2\/posts\/79508\/revisions"}],"predecessor-version":[{"id":79510,"href":"https:\/\/corrientesdetarde.com\/index.php\/wp-json\/wp\/v2\/posts\/79508\/revisions\/79510"}],"wp:featuredmedia":[{"embeddable":true,"href":"https:\/\/corrientesdetarde.com\/index.php\/wp-json\/wp\/v2\/media\/79509"}],"wp:attachment":[{"href":"https:\/\/corrientesdetarde.com\/index.php\/wp-json\/wp\/v2\/media?parent=79508"}],"wp:term":[{"taxonomy":"category","embeddable":true,"href":"https:\/\/corrientesdetarde.com\/index.php\/wp-json\/wp\/v2\/categories?post=79508"},{"taxonomy":"post_tag","embeddable":true,"href":"https:\/\/corrientesdetarde.com\/index.php\/wp-json\/wp\/v2\/tags?post=79508"}],"curies":[{"name":"wp","href":"https:\/\/api.w.org\/{rel}","templated":true}]}}