{"id":79556,"date":"2023-08-09T20:47:34","date_gmt":"2023-08-09T23:47:34","guid":{"rendered":"https:\/\/corrientesdetarde.com\/?p=79556"},"modified":"2023-08-09T20:48:07","modified_gmt":"2023-08-09T23:48:07","slug":"visita-de-la-camara-de-comercio-italo-argentinacorrientes-e-italia-dos-realidades-en-movimiento","status":"publish","type":"post","link":"https:\/\/corrientesdetarde.com\/index.php\/locales\/visita-de-la-camara-de-comercio-italo-argentinacorrientes-e-italia-dos-realidades-en-movimiento\/","title":{"rendered":"Visita de la C\u00e1mara de Comercio \u00cdtalo-Argentina<br>Corrientes e Italia: dos realidades en movimiento"},"content":{"rendered":"\n<p>En el recinto del Poder Legislativo la Camera di Commercio Italiana nella Repubblica Argentina dio inicio a una agenda de actividades que tiene por fin concluir en posibles intercambios comerciales a trav\u00e9s de la b\u00fasqueda de integraci\u00f3n de negocios entre sistemas econ\u00f3micos y productivos territoriales.<br>El vicegobernador de la provincia de Corrientes y presidente del Consejo del Crecimiento Econ\u00f3mico y Social Dr. Pedro Braillard Poccard recibi\u00f3 al vicepresidente de la C\u00e1mara de Comercio \u00cdtalo Argentina Franchesco Tossi y su gerente ejecutivo, Claudio Farabola.<br>Al hacer uso de la palabra Braillard Poccard di\u00f3 la bienvenida a los presentes y se\u00f1alo: \u201cestamos comenzando a dar un primer paso concreto despu\u00e9s del convenio que suscribiera en su oportunidad el Gobernador Gustavo Vald\u00e9s con el C\u00e1mara de Comercio \u00cdtalo-Argentina. Este convenio pretende acercar a las partes y ver si existe la posibilidad que se lleven adelante intercambio de conocimientos o comerciales, Corrientes est\u00e1 trabajando fuertemente en la foresto industria y tenemos mucho que aprender de Italia los que visitamos empresas encontramos gran cantidad de equipamiento de origen italiano lo que demuestra lo mucho que se puede avanzar conjuntamente\u201d<br>\u201cLa pol\u00edtica del Gobierno Provincial es la de ofrecer una provincia abierta a las inversiones y a todos aquellos que deseen considerar las alternativas productivas que tiene nuestro territorio poblado adem\u00e1s por un pueblo voluntarioso y sobre todo trabajador que quiere salir adelante\u201d dijo Braillard para finalmente la gesti\u00f3n realizada por el presidente de la Asociaci\u00f3n Dante Alighieri Gianfranco Perversi.<\/p>\n\n\n\n<p>\u201cLa C\u00e1mara de Comercio llego a corrientes con la finalidad de promover y realizar proyectos de cooperaci\u00f3n para la vinculaci\u00f3n entre cadenas productivas, transferencia e innovaci\u00f3n tecnol\u00f3gica y de negocios\u201d explic\u00f3 Claudio Farabola.<br>En la misma l\u00ednea indic\u00f3 que las \u00e1reas de inter\u00e9s com\u00fan comprenden \u201cla cadena foresto industrial y derivados, la ganader\u00eda, alimentos regionales como ser c\u00edtricos jugos e infusiones productos nutrace\u00faticos y fitosanitarios; energ\u00edas renovables e infraestructura\u201d.<br>Se considera de vital importancia la presentaci\u00f3n de la C\u00e1mara de Comercio Italo-Argentina sobre el an\u00e1lisis de la matriz productiva local y las principales problem\u00e1ticas sist\u00e9micas y espec\u00edficas del sector productivo, del cual se desprender\u00e1n posibles proyectos para ser evaluados y validados por los actores del territorio local mediante la agenda de reuniones propuestas.<br>Del encuentro participaron el ministro de Coordinaci\u00f3n y Planificaci\u00f3n Miguel Olivieri, el interventor de la DPEC Jorge Aun, autoridades y miembros de C\u00e1maras Empresariales miembros del CEEDS y autoridades de organismos y entes aut\u00e1rquicos<\/p>\n\n\n\n<p>AGENDA<br>Cabe destacar que la agenda proseguir\u00e1 con diversas reuniones como ser con el ministro de la Producci\u00f3n de Corrientes y las direcciones que dependen del citado Ministerio y con la Sociedad Rural Argentina filial Corrientes en el Sal\u00f3n de acuerdos del Senado.<br>Posteriormente mantendr\u00e1n una reuni\u00f3n con la comisi\u00f3n directiva de APICC y con la Federaci\u00f3n Econ\u00f3mica de Corrientes (acompa\u00f1ados de la C\u00e1mara Forestal, C\u00e1mara Citr\u00edcola y C\u00e1mara Arrocera).<br>La agenda contempla tambi\u00e9n una reuni\u00f3n con integrantes de la FECORR JOVEN y con la Uni\u00f3n Industrial de Corrientes.<\/p>\n\n\n\n\r\n\t<div class=\"msacwl-slider-wrap msacwl-row-clearfix \" data-conf=\"{&quot;autoplay&quot;:&quot;true&quot;,&quot;autoplay_speed&quot;:3000,&quot;speed&quot;:300,&quot;arrows&quot;:&quot;true&quot;,&quot;dots&quot;:&quot;true&quot;,&quot;lazyload&quot;:&quot;&quot;}\">\r\n\t\t<div id=\"msacwl-slider-1\" class=\"msacwl-slider msacwl-common-slider msacwl-slider-popup\">\r\n\t\t\t\t\t\t<div class=\"msacwl-slide\" data-item-index=\"1\" >\r\n\t\t\t\t<a class=\"msacwl-img-link\" href=\"javascript:void(0);\" data-mfp-src=\"https:\/\/corrientesdetarde.com\/wp-content\/uploads\/2023\/08\/WhatsApp-Image-2023-08-09-at-20.45.23.jpg\">\r\n\t\t\t\t\t<img decoding=\"async\" class=\"msacwl-img\" src=\"https:\/\/corrientesdetarde.com\/wp-content\/uploads\/2023\/08\/WhatsApp-Image-2023-08-09-at-20.45.23.jpg\"  data-title=\"\" alt=\"\" \/>\r\n\t\t\t\t<\/a>\r\n\t\t\t\t\t\t\t\t\t<div class=\"msacwl-gallery-caption\">\r\n\t\t\t\t\t\t\t\t\t\t\t\t\t<span class=\"image_title\"><\/span>\r\n\t\t\t\t\t\t\t\t\t\t\t\t\t<span><\/span>\r\n\t\t\t\t\t\t \t\t\t\t\t<\/div>\r\n\t\t\t\t\t\t\t<\/div>\r\n\t\t\t\t\t\t<div class=\"msacwl-slide\" data-item-index=\"2\" >\r\n\t\t\t\t<a class=\"msacwl-img-link\" href=\"javascript:void(0);\" data-mfp-src=\"https:\/\/corrientesdetarde.com\/wp-content\/uploads\/2023\/08\/IMG-20230809-WA0015.jpg\">\r\n\t\t\t\t\t<img decoding=\"async\" class=\"msacwl-img\" src=\"https:\/\/corrientesdetarde.com\/wp-content\/uploads\/2023\/08\/IMG-20230809-WA0015.jpg\"  data-title=\"\" alt=\"\" \/>\r\n\t\t\t\t<\/a>\r\n\t\t\t\t\t\t\t\t\t<div class=\"msacwl-gallery-caption\">\r\n\t\t\t\t\t\t\t\t\t\t\t\t\t<span class=\"image_title\"><\/span>\r\n\t\t\t\t\t\t\t\t\t\t\t\t\t<span><\/span>\r\n\t\t\t\t\t\t \t\t\t\t\t<\/div>\r\n\t\t\t\t\t\t\t<\/div>\r\n\t\t\t\t\t\t<div class=\"msacwl-slide\" data-item-index=\"3\" >\r\n\t\t\t\t<a class=\"msacwl-img-link\" href=\"javascript:void(0);\" data-mfp-src=\"https:\/\/corrientesdetarde.com\/wp-content\/uploads\/2023\/08\/IMG-20230809-WA0016.jpg\">\r\n\t\t\t\t\t<img decoding=\"async\" class=\"msacwl-img\" src=\"https:\/\/corrientesdetarde.com\/wp-content\/uploads\/2023\/08\/IMG-20230809-WA0016.jpg\"  data-title=\"\" alt=\"\" \/>\r\n\t\t\t\t<\/a>\r\n\t\t\t\t\t\t\t\t\t<div class=\"msacwl-gallery-caption\">\r\n\t\t\t\t\t\t\t\t\t\t\t\t\t<span class=\"image_title\"><\/span>\r\n\t\t\t\t\t\t\t\t\t\t\t\t\t<span><\/span>\r\n\t\t\t\t\t\t \t\t\t\t\t<\/div>\r\n\t\t\t\t\t\t\t<\/div>\r\n\t\t\t\t\t\t<div class=\"msacwl-slide\" data-item-index=\"4\" >\r\n\t\t\t\t<a class=\"msacwl-img-link\" href=\"javascript:void(0);\" data-mfp-src=\"https:\/\/corrientesdetarde.com\/wp-content\/uploads\/2023\/08\/IMG-20230809-WA0014.jpg\">\r\n\t\t\t\t\t<img decoding=\"async\" class=\"msacwl-img\" src=\"https:\/\/corrientesdetarde.com\/wp-content\/uploads\/2023\/08\/IMG-20230809-WA0014.jpg\"  data-title=\"\" alt=\"\" \/>\r\n\t\t\t\t<\/a>\r\n\t\t\t\t\t\t\t\t\t<div class=\"msacwl-gallery-caption\">\r\n\t\t\t\t\t\t\t\t\t\t\t\t\t<span class=\"image_title\"><\/span>\r\n\t\t\t\t\t\t\t\t\t\t\t\t\t<span><\/span>\r\n\t\t\t\t\t\t \t\t\t\t\t<\/div>\r\n\t\t\t\t\t\t\t<\/div>\r\n\t\t\t\t\t\t<div class=\"msacwl-slide\" data-item-index=\"5\" >\r\n\t\t\t\t<a class=\"msacwl-img-link\" href=\"javascript:void(0);\" data-mfp-src=\"https:\/\/corrientesdetarde.com\/wp-content\/uploads\/2023\/08\/IMG-20230809-WA0013.jpg\">\r\n\t\t\t\t\t<img decoding=\"async\" class=\"msacwl-img\" src=\"https:\/\/corrientesdetarde.com\/wp-content\/uploads\/2023\/08\/IMG-20230809-WA0013.jpg\"  data-title=\"\" alt=\"\" \/>\r\n\t\t\t\t<\/a>\r\n\t\t\t\t\t\t\t\t\t<div class=\"msacwl-gallery-caption\">\r\n\t\t\t\t\t\t\t\t\t\t\t\t\t<span class=\"image_title\"><\/span>\r\n\t\t\t\t\t\t\t\t\t\t\t\t\t<span><\/span>\r\n\t\t\t\t\t\t \t\t\t\t\t<\/div>\r\n\t\t\t\t\t\t\t<\/div>\r\n\t\t\t\t\t<\/div>\r\n\t<\/div>\r\n\r\n\t\n","protected":false},"excerpt":{"rendered":"<p>En el recinto del Poder Legislativo la Camera di Commercio Italiana nella Repubblica Argentina dio inicio a una agenda de actividades que tiene por fin concluir en posibles intercambios comerciales&hellip; <\/p>\n","protected":false},"author":1,"featured_media":79561,"comment_status":"closed","ping_status":"open","sticky":false,"template":"","format":"standard","meta":{"footnotes":""},"categories":[22,8],"tags":[],"class_list":["post-79556","post","type-post","status-publish","format-standard","has-post-thumbnail","hentry","category-eventos","category-locales"],"_links":{"self":[{"href":"https:\/\/corrientesdetarde.com\/index.php\/wp-json\/wp\/v2\/posts\/79556","targetHints":{"allow":["GET"]}}],"collection":[{"href":"https:\/\/corrientesdetarde.com\/index.php\/wp-json\/wp\/v2\/posts"}],"about":[{"href":"https:\/\/corrientesdetarde.com\/index.php\/wp-json\/wp\/v2\/types\/post"}],"author":[{"embeddable":true,"href":"https:\/\/corrientesdetarde.com\/index.php\/wp-json\/wp\/v2\/users\/1"}],"replies":[{"embeddable":true,"href":"https:\/\/corrientesdetarde.com\/index.php\/wp-json\/wp\/v2\/comments?post=79556"}],"version-history":[{"count":1,"href":"https:\/\/corrientesdetarde.com\/index.php\/wp-json\/wp\/v2\/posts\/79556\/revisions"}],"predecessor-version":[{"id":79562,"href":"https:\/\/corrientesdetarde.com\/index.php\/wp-json\/wp\/v2\/posts\/79556\/revisions\/79562"}],"wp:featuredmedia":[{"embeddable":true,"href":"https:\/\/corrientesdetarde.com\/index.php\/wp-json\/wp\/v2\/media\/79561"}],"wp:attachment":[{"href":"https:\/\/corrientesdetarde.com\/index.php\/wp-json\/wp\/v2\/media?parent=79556"}],"wp:term":[{"taxonomy":"category","embeddable":true,"href":"https:\/\/corrientesdetarde.com\/index.php\/wp-json\/wp\/v2\/categories?post=79556"},{"taxonomy":"post_tag","embeddable":true,"href":"https:\/\/corrientesdetarde.com\/index.php\/wp-json\/wp\/v2\/tags?post=79556"}],"curies":[{"name":"wp","href":"https:\/\/api.w.org\/{rel}","templated":true}]}}