{"id":79565,"date":"2023-08-10T08:10:59","date_gmt":"2023-08-10T11:10:59","guid":{"rendered":"https:\/\/corrientesdetarde.com\/?p=79565"},"modified":"2023-08-10T08:11:10","modified_gmt":"2023-08-10T11:11:10","slug":"la-policia-de-corrientes-celebro-su-52-aniversario-en-la-costanera","status":"publish","type":"post","link":"https:\/\/corrientesdetarde.com\/index.php\/locales\/la-policia-de-corrientes-celebro-su-52-aniversario-en-la-costanera\/","title":{"rendered":"La Polic\u00eda de Corrientes celebr\u00f3 su 52\u00b0 aniversario en la Costanera"},"content":{"rendered":"\n<p>La Polic\u00eda de la Provincia de Corrientes vivi\u00f3 una jornada muy especial al conmemorar su 52\u00ba aniversario. La Costanera Sur fue el escenario para el acto que, en primer t\u00e9rmino, tuvo las palabras de las autoridades seguida de la entrega de distinciones a efectivos destacados en el cumplimiento de su deber y el posterior desfile de todas las divisiones de la fuerza de seguridad de nuestra provincia.<\/p>\n\n\n\n<p>El vicegobernador, Pedro Braillard Poccard, fue quien encabez\u00f3 el acto en la Costanera y, al respecto, reflexion\u00f3 sobre la labor policial, indicando que la presencia de efectivos &#8220;implica tranquilidad, ayuda a la convivencia, y en muchos casos, a dirimir cuestiones que a veces van m\u00e1s all\u00e1 de una mera discusi\u00f3n o una controversia&#8221;.<\/p>\n\n\n\n<figure class=\"wp-block-image size-large\"><img loading=\"lazy\" decoding=\"async\" width=\"1024\" height=\"517\" src=\"https:\/\/corrientesdetarde.com\/wp-content\/uploads\/2023\/08\/image-310-1024x517.png\" alt=\"\" class=\"wp-image-79570\" srcset=\"https:\/\/corrientesdetarde.com\/wp-content\/uploads\/2023\/08\/image-310-1024x517.png 1024w, https:\/\/corrientesdetarde.com\/wp-content\/uploads\/2023\/08\/image-310-300x152.png 300w, https:\/\/corrientesdetarde.com\/wp-content\/uploads\/2023\/08\/image-310-768x388.png 768w, https:\/\/corrientesdetarde.com\/wp-content\/uploads\/2023\/08\/image-310-1536x776.png 1536w, https:\/\/corrientesdetarde.com\/wp-content\/uploads\/2023\/08\/image-310.png 1920w\" sizes=\"auto, (max-width: 1024px) 100vw, 1024px\" \/><\/figure>\n\n\n\n<p>Tambi\u00e9n destac\u00f3 que &#8220;en la pandemia estuvieron los hombres y mujeres de la salud, de la educaci\u00f3n, pero tambi\u00e9n estuvo la Polic\u00eda, asumiendo ese papel tan dif\u00edcil, de decir lo que se pod\u00eda o no se pod\u00eda hacer, arriesgando, igual que los otros servidores, su vida&#8221;, resalt\u00f3.<\/p>\n\n\n\n<p>Braillard Poccard dej\u00f3 un p\u00e1rrafo tambi\u00e9n para el aporte realizado por la fuerza en \u00e9poca de incendios y sequ\u00eda: &#8220;All\u00ed tambi\u00e9n estuvieron presentes, asistiendo a los Bomberos Voluntarios, a los municipios, en las tareas para afrontar tremendo flagelo&#8221;.<\/p>\n\n\n\n<p>Para cerrar su discurso, le remarc\u00f3 a la familia policial que, cuando inicien su jornada, &#8220;piensen que la sociedad est\u00e1 confiando en ustedes. Han elegido una profesi\u00f3n que, cuando las cosas salen bien, no se dice nada, cuando se comete un error, como seres humanos que somos, hay que afrontar las consecuencias, pero se compensa con el respeto de la sociedad hacia la instituci\u00f3n policial&#8221;.<\/p>\n\n\n\n<figure class=\"wp-block-embed is-type-video is-provider-youtube wp-block-embed-youtube wp-embed-aspect-16-9 wp-has-aspect-ratio\"><div class=\"wp-block-embed__wrapper\">\n<iframe loading=\"lazy\" title=\"Acto por el D\u00eda de la Polic\u00eda\" width=\"1110\" height=\"624\" src=\"https:\/\/www.youtube.com\/embed\/ecKYgrBrai8?feature=oembed\" frameborder=\"0\" allow=\"accelerometer; autoplay; clipboard-write; encrypted-media; gyroscope; picture-in-picture; web-share\" allowfullscreen><\/iframe>\n<\/div><\/figure>\n\n\n\n<h2 class=\"wp-block-heading\">Arnaldo Molina: &#8220;La Polic\u00eda tiene absoluta claridad de sus metas&#8221;<\/h2>\n\n\n\n<p>Al tomar la palabra, el jefe de la Polic\u00eda de Corrientes, Arnaldo Molina, reconoci\u00f3 los logros en materia de derechos al personal policial, destacando la estabilidad laboral e institucional, capacitaciones, actualizaciones del personal superior y subalterno, ofertas acad\u00e9micas y ascensos.<\/p>\n\n\n\n<p>De igual manera, Molina puntualiz\u00f3 que &#8220;la Polic\u00eda de Corrientes tiene absoluta claridad de sus metas y del camino que debe recorrer para alcanzarlas, cuyos pilares fundamentales son la prevenci\u00f3n del delito, el cuidado del orden p\u00fablico, la vida, y la propiedad de las personas, buscando brindar mayor seguridad&#8221;.<\/p>\n\n\n\n<p>Para cerrar su alocuci\u00f3n, el Jefe de la Polic\u00eda agradeci\u00f3 a todo el personal por el &#8220;apoyo incondicional, por mantener enaltecida la vocaci\u00f3n de defender la seguridad de la poblaci\u00f3n, como lo demostraron activamente durante los distintos servicios llevados a cabo en esta ciudad y en el interior&#8221;, resaltando a la vez el servicio brindado en los incendios &#8220;que azotaron a Corrientes y provincias hermanas&#8221;, asever\u00f3.<\/p>\n\n\n\n<h2 class=\"wp-block-heading\">Buenaventura Duarte: &#8220;El compromiso en la labor diaria es permanente para proteger a la comunidad&#8221;<\/h2>\n\n\n\n<p>Al momento de dirigirse a toda la fuerza y los presentes, el ministro de Seguridad, Buenaventura Duarte, ofreci\u00f3 su saludo c\u00e1lido y afectuoso a todos los integrantes de &#8220;nuestra querida Polic\u00eda de Corrientes, en este d\u00eda tan especial&#8221;, agradeciendo a su vez el permanente acompa\u00f1amiento de la fuerza.<\/p>\n\n\n\n<p>Seguidamente, el Ministro a cargo de la cartera de Seguridad remarc\u00f3 que pese a la discriminaci\u00f3n que es objeto Corrientes por parte de la Naci\u00f3n, que tambi\u00e9n abarca al presupuesto en materia de seguridad, &#8220;por expresas directivas del gobernador Vald\u00e9s la Provincia invierte y seguir\u00e1 invirtiendo con esfuerzo y recursos propios para fortalecer la labor policial&#8221;.<\/p>\n\n\n\n<p>&#8220;El compromiso en la labor diaria es permanente para proteger a la comunidad y que exista un \u00e1mbito de paz y armon\u00eda&#8221;, acot\u00f3 Buenaventura Duarte, se\u00f1alando que los integrantes de la fuerza &#8220;trabajan los 365 d\u00edas en pos de la seguridad de todos los correntinos&#8221;, siendo un ejemplo a nivel pa\u00eds, subrayando la lucha sin cuartel que se viene desplegando contra el narcotr\u00e1fico y el flagelo de las drogas.<\/p>\n\n\n\n<figure class=\"wp-block-image size-large\"><img loading=\"lazy\" decoding=\"async\" width=\"1024\" height=\"576\" src=\"https:\/\/corrientesdetarde.com\/wp-content\/uploads\/2023\/08\/image-309-1024x576.png\" alt=\"\" class=\"wp-image-79569\" srcset=\"https:\/\/corrientesdetarde.com\/wp-content\/uploads\/2023\/08\/image-309-1024x576.png 1024w, https:\/\/corrientesdetarde.com\/wp-content\/uploads\/2023\/08\/image-309-300x169.png 300w, https:\/\/corrientesdetarde.com\/wp-content\/uploads\/2023\/08\/image-309-768x432.png 768w, https:\/\/corrientesdetarde.com\/wp-content\/uploads\/2023\/08\/image-309-1536x864.png 1536w, https:\/\/corrientesdetarde.com\/wp-content\/uploads\/2023\/08\/image-309.png 1920w\" sizes=\"auto, (max-width: 1024px) 100vw, 1024px\" \/><\/figure>\n\n\n\n<h2 class=\"wp-block-heading\">La Polic\u00eda en Corrientes<\/h2>\n\n\n\n<p>La presencia de la Polic\u00eda en Corrientes comienza de la mano de la fundaci\u00f3n de la ciudad en 1588, pero desde 1971 todos los 9 de agosto se conmemora su fecha fundacional. Cabe remarcar que ese d\u00eda es recordado por la sanci\u00f3n de la Ley del personal af\u00edn N\u00b02.987, del a\u00f1o 1971, la cual le dio jerarquizaci\u00f3n y estabilidad a la labor de los mismos.<\/p>\n\n\n\n<p>El 3 de abril de 1588, con la fundaci\u00f3n de la ciudad de Corrientes, esta Polic\u00eda tiene sus comienzos pues se instala el Cabildo y Corregimiento, cuya autoridad se reg\u00eda por la Legislaci\u00f3n de Indias. El Cabildo funcion\u00f3 hasta el 31 de diciembre de 1824. A lo largo de los a\u00f1os la Polic\u00eda tuvo modificaciones, el 4 de febrero de 1825 el gobernador Pedro Ferr\u00e9 dict\u00f3 un decreto donde dispon\u00eda las funciones de la Polic\u00eda.<\/p>\n\n\n\n<p>En 1936 crearon el &#8220;Cuerpo de Bomberos&#8221; de la capital, pero reci\u00e9n en 1944 se estableci\u00f3 el servicio organizado del Cuerpo de Bomberos. En 1953 crearon la Escuela de Polic\u00eda.<\/p>\n\n\n\n<p>En 1967 crearon la Escuela de Cadetes. En 1981 crearon la Escuela Superior de Polic\u00eda para Oficiales, Jefes y Subalternos. En 1994 crearon la Escuela de Suboficiales y Agentes.<\/p>\n\n\n\n<figure class=\"wp-block-image size-large\"><img loading=\"lazy\" decoding=\"async\" width=\"1024\" height=\"572\" src=\"https:\/\/corrientesdetarde.com\/wp-content\/uploads\/2023\/08\/image-308-1024x572.png\" alt=\"\" class=\"wp-image-79568\" srcset=\"https:\/\/corrientesdetarde.com\/wp-content\/uploads\/2023\/08\/image-308-1024x572.png 1024w, https:\/\/corrientesdetarde.com\/wp-content\/uploads\/2023\/08\/image-308-300x168.png 300w, https:\/\/corrientesdetarde.com\/wp-content\/uploads\/2023\/08\/image-308-768x429.png 768w, https:\/\/corrientesdetarde.com\/wp-content\/uploads\/2023\/08\/image-308-1536x858.png 1536w, https:\/\/corrientesdetarde.com\/wp-content\/uploads\/2023\/08\/image-308.png 1884w\" sizes=\"auto, (max-width: 1024px) 100vw, 1024px\" \/><\/figure>\n","protected":false},"excerpt":{"rendered":"<p>La Polic\u00eda de la Provincia de Corrientes vivi\u00f3 una jornada muy especial al conmemorar su 52\u00ba aniversario. La Costanera Sur fue el escenario para el acto que, en primer t\u00e9rmino,&hellip; <\/p>\n","protected":false},"author":1,"featured_media":79571,"comment_status":"closed","ping_status":"open","sticky":false,"template":"","format":"standard","meta":{"footnotes":""},"categories":[8,33],"tags":[],"class_list":["post-79565","post","type-post","status-publish","format-standard","has-post-thumbnail","hentry","category-locales","category-policiales"],"_links":{"self":[{"href":"https:\/\/corrientesdetarde.com\/index.php\/wp-json\/wp\/v2\/posts\/79565","targetHints":{"allow":["GET"]}}],"collection":[{"href":"https:\/\/corrientesdetarde.com\/index.php\/wp-json\/wp\/v2\/posts"}],"about":[{"href":"https:\/\/corrientesdetarde.com\/index.php\/wp-json\/wp\/v2\/types\/post"}],"author":[{"embeddable":true,"href":"https:\/\/corrientesdetarde.com\/index.php\/wp-json\/wp\/v2\/users\/1"}],"replies":[{"embeddable":true,"href":"https:\/\/corrientesdetarde.com\/index.php\/wp-json\/wp\/v2\/comments?post=79565"}],"version-history":[{"count":1,"href":"https:\/\/corrientesdetarde.com\/index.php\/wp-json\/wp\/v2\/posts\/79565\/revisions"}],"predecessor-version":[{"id":79572,"href":"https:\/\/corrientesdetarde.com\/index.php\/wp-json\/wp\/v2\/posts\/79565\/revisions\/79572"}],"wp:featuredmedia":[{"embeddable":true,"href":"https:\/\/corrientesdetarde.com\/index.php\/wp-json\/wp\/v2\/media\/79571"}],"wp:attachment":[{"href":"https:\/\/corrientesdetarde.com\/index.php\/wp-json\/wp\/v2\/media?parent=79565"}],"wp:term":[{"taxonomy":"category","embeddable":true,"href":"https:\/\/corrientesdetarde.com\/index.php\/wp-json\/wp\/v2\/categories?post=79565"},{"taxonomy":"post_tag","embeddable":true,"href":"https:\/\/corrientesdetarde.com\/index.php\/wp-json\/wp\/v2\/tags?post=79565"}],"curies":[{"name":"wp","href":"https:\/\/api.w.org\/{rel}","templated":true}]}}