{"id":79643,"date":"2023-08-10T10:52:40","date_gmt":"2023-08-10T13:52:40","guid":{"rendered":"https:\/\/corrientesdetarde.com\/?p=79643"},"modified":"2023-08-10T11:26:18","modified_gmt":"2023-08-10T14:26:18","slug":"cassani-la-ciudania-sera-la-protagonista-de-su-presente-y-futuro","status":"publish","type":"post","link":"https:\/\/corrientesdetarde.com\/index.php\/politica\/cassani-la-ciudania-sera-la-protagonista-de-su-presente-y-futuro\/","title":{"rendered":"<strong>Cassani: \u201cLa ciudadan\u00eda ser\u00e1 la protagonista de su presente y futuro\u201d<\/strong>"},"content":{"rendered":"\n<p><strong>Debido al momento cr\u00edtico que atraviesa Argentina desde Encuentro Liberal \u2013ELI- invitan a ejercer la ciudadan\u00eda responsable con el voto. \u201cA la Naci\u00f3n Argentina, la salvamos entre todos\u201d, dijo Perucho Cassani.<\/strong><\/p>\n\n\n\n<p>Desde Encuentro Liberal \u2013ELI-, su presidente y l\u00edder P<strong>edro \u201cPerucho\u201d Cassani,&nbsp;<\/strong>invit\u00f3 a la ciudadan\u00eda a ser protagonistas absolutos de su presente y futuro, asistiendo este domingo 13 de agosto a emitir su voto, con responsabilidad.<\/p>\n\n\n\n<p>Desde Eli se viene trabajando en ese aspecto, llevando el mensaje de Horacio Rodr\u00edguez Larreta a los vecinos, especialmente en lo referido a las acciones que como futuro Presidente de la Naci\u00f3n desarrollar\u00e1 en Corrientes, en \u00e1reas claves como obra p\u00fablica y Yacyret\u00e1, entre muchos \u00edtem generales relacionados a la revoluci\u00f3n del trabajo y la educaci\u00f3n.<\/p>\n\n\n\n<p>\u201cNuestro pa\u00eds nos necesita. Asumamos la defensa de sus instituciones, de la libertad\u2026 El momento es ahora\u201d, dijo \u201cPerucho\u201d en una carta a la dirigencia \u201chormiga\u201d.<\/p>\n\n\n\n<p>Desde Goya,&nbsp;<strong>Federico Tournier,<\/strong>&nbsp;candidato a Diputado Nacional por ECO + Vamos Corrientes- Juntos por el Cambio, asegur\u00f3 que \u201cel di\u00e1logo ser\u00e1 clave para llevar a la Argentina por el camino del progreso\u2026 Por eso, nos sentimos representados en Horacio Rodr\u00edguez Larreta\u201d, asegur\u00f3.<\/p>\n\n\n\n<p>\u201cToda la estructura partidaria de la provincia vive con emoci\u00f3n este momento clave en la vida de cada argentino; porque advertimos que la crisis econ\u00f3mica, pol\u00edtica, social y moral es grav\u00edsima. No es necesario ni conveniente andar buscando personas o partidos culpables, porque considero que el culpable es el sistema populista que nos llev\u00f3 a este desastre\u201d, se\u00f1al\u00f3 el diputado\u00a0<strong>Horacio Pozo<\/strong>\u00a0en las \u00faltimas horas a trav\u00e9s de un comunicado de prensa.<\/p>\n\n\n\n<figure class=\"wp-block-image size-large\"><img loading=\"lazy\" decoding=\"async\" width=\"1024\" height=\"466\" src=\"https:\/\/corrientesdetarde.com\/wp-content\/uploads\/2023\/08\/image-318-1024x466.png\" alt=\"\" class=\"wp-image-79646\" srcset=\"https:\/\/corrientesdetarde.com\/wp-content\/uploads\/2023\/08\/image-318-1024x466.png 1024w, https:\/\/corrientesdetarde.com\/wp-content\/uploads\/2023\/08\/image-318-300x137.png 300w, https:\/\/corrientesdetarde.com\/wp-content\/uploads\/2023\/08\/image-318-768x350.png 768w, https:\/\/corrientesdetarde.com\/wp-content\/uploads\/2023\/08\/image-318.png 1102w\" sizes=\"auto, (max-width: 1024px) 100vw, 1024px\" \/><\/figure>\n\n\n\n<p>Otros referentes, como&nbsp;&nbsp;<strong>Luc\u00eda Centuri\u00f3n<\/strong>&nbsp;coincidi\u00f3 en el llamado a la \u201cunidad nacional, porque a la Argentina la cambiamos entre todos\u201d.<\/p>\n\n\n\n<p>Desde Ituzaing\u00f3, la diputada provincial electa Ana Am\u00e9ndola, quien viene desplegando una amplia actividad en cada barrio de su ciudad, sostuvo que los vecinos saben que la situaci\u00f3n del pa\u00eds nos lleva a propiciar un cambio de tim\u00f3n. \u201cEl slogan de hagamos el cambio de nuestras vidas, es real. Es as\u00ed, tenemos esa oportunidad\u201d.<\/p>\n\n\n\n<p>En la ciudad de Corrientes, el presidente del comit\u00e9 local&nbsp;<strong>Emilio Lanari&nbsp;<\/strong>estuvo en la costanera Gral San Mart\u00edn el \u00faltimo domingo siendo parte de la movida juvenil \u2013de distintos partidos pol\u00edticos de ECO-. \u201cDesde Eli capital, estamos en cada barrio, en cada rinconcito, propiciando este cambio de rumbo del pa\u00eds\u201d, indic\u00f3.<\/p>\n\n\n\n<p>Los j\u00f3venes de Eli, en tanto, asumieron el rol de \u201cmilitantes activos y alegres\u201d de la esperanza. \u201cSi no participamos,\u00a0\u00a0estamos dejando la decisi\u00f3n en manos de otros\u2026 Eso le decimos a todos. Estos d\u00edas nos concentramos en hablarle a la gente para comentarle que la situaci\u00f3n actual del pa\u00eds puede ser distinta, mejor; pero que depende de la acci\u00f3n de cada uno\u201d, dijo\u00a0<strong>Santiago Matta\u00a0<\/strong>presidente provincial de Juventud Eli provincial.<\/p>\n\n\n\n<figure class=\"wp-block-image size-full\"><img loading=\"lazy\" decoding=\"async\" width=\"1005\" height=\"664\" src=\"https:\/\/corrientesdetarde.com\/wp-content\/uploads\/2023\/08\/image-317.png\" alt=\"\" class=\"wp-image-79645\" srcset=\"https:\/\/corrientesdetarde.com\/wp-content\/uploads\/2023\/08\/image-317.png 1005w, https:\/\/corrientesdetarde.com\/wp-content\/uploads\/2023\/08\/image-317-300x198.png 300w, https:\/\/corrientesdetarde.com\/wp-content\/uploads\/2023\/08\/image-317-768x507.png 768w\" sizes=\"auto, (max-width: 1005px) 100vw, 1005px\" \/><\/figure>\n","protected":false},"excerpt":{"rendered":"<p>Debido al momento cr\u00edtico que atraviesa Argentina desde Encuentro Liberal \u2013ELI- invitan a ejercer la ciudadan\u00eda responsable con el voto. \u201cA la Naci\u00f3n Argentina, la salvamos entre todos\u201d, dijo Perucho&hellip; <\/p>\n","protected":false},"author":1,"featured_media":79644,"comment_status":"closed","ping_status":"open","sticky":false,"template":"","format":"standard","meta":{"footnotes":""},"categories":[3],"tags":[],"class_list":["post-79643","post","type-post","status-publish","format-standard","has-post-thumbnail","hentry","category-politica"],"_links":{"self":[{"href":"https:\/\/corrientesdetarde.com\/index.php\/wp-json\/wp\/v2\/posts\/79643","targetHints":{"allow":["GET"]}}],"collection":[{"href":"https:\/\/corrientesdetarde.com\/index.php\/wp-json\/wp\/v2\/posts"}],"about":[{"href":"https:\/\/corrientesdetarde.com\/index.php\/wp-json\/wp\/v2\/types\/post"}],"author":[{"embeddable":true,"href":"https:\/\/corrientesdetarde.com\/index.php\/wp-json\/wp\/v2\/users\/1"}],"replies":[{"embeddable":true,"href":"https:\/\/corrientesdetarde.com\/index.php\/wp-json\/wp\/v2\/comments?post=79643"}],"version-history":[{"count":2,"href":"https:\/\/corrientesdetarde.com\/index.php\/wp-json\/wp\/v2\/posts\/79643\/revisions"}],"predecessor-version":[{"id":79653,"href":"https:\/\/corrientesdetarde.com\/index.php\/wp-json\/wp\/v2\/posts\/79643\/revisions\/79653"}],"wp:featuredmedia":[{"embeddable":true,"href":"https:\/\/corrientesdetarde.com\/index.php\/wp-json\/wp\/v2\/media\/79644"}],"wp:attachment":[{"href":"https:\/\/corrientesdetarde.com\/index.php\/wp-json\/wp\/v2\/media?parent=79643"}],"wp:term":[{"taxonomy":"category","embeddable":true,"href":"https:\/\/corrientesdetarde.com\/index.php\/wp-json\/wp\/v2\/categories?post=79643"},{"taxonomy":"post_tag","embeddable":true,"href":"https:\/\/corrientesdetarde.com\/index.php\/wp-json\/wp\/v2\/tags?post=79643"}],"curies":[{"name":"wp","href":"https:\/\/api.w.org\/{rel}","templated":true}]}}