{"id":7989,"date":"2022-10-03T07:15:58","date_gmt":"2022-10-03T10:15:58","guid":{"rendered":"https:\/\/corrientesdetarde.com\/?p=7989"},"modified":"2022-10-03T07:16:00","modified_gmt":"2022-10-03T10:16:00","slug":"patricia-bullrich-hablo-sobre-las-usurpaciones-de-las-agrupaciones-autoproclamadas-mapuches-es-una-zona-donde-vale-todo","status":"publish","type":"post","link":"https:\/\/corrientesdetarde.com\/index.php\/nacionales\/patricia-bullrich-hablo-sobre-las-usurpaciones-de-las-agrupaciones-autoproclamadas-mapuches-es-una-zona-donde-vale-todo\/","title":{"rendered":"<strong>Patricia Bullrich habl\u00f3 sobre las usurpaciones de las agrupaciones autoproclamadas mapuches: \u201cEs una zona donde vale todo\u201d<\/strong>"},"content":{"rendered":"\n<p>La presidenta del PRO se uni\u00f3 a unos 200 vecinos de la zona que protestaron \u2013en la rotonda de Diarco, ubicada en las afueras de la ciudad en Bariloche\u2013 con banderas argentinas bajo el lema \u2018basta de terrorismo en la Patagonia\u2019<\/p>\n\n\n\n<p>Las constantes usurpaciones, la violencia y la falta de control tras los numerosos ataques de grupos autodenominados mapuches colm\u00f3 la paciencia de los vecinos de Villa Mascardi, quienes marcharon para pedir m\u00e1s seguridad. Quien particip\u00f3 de la movilizaci\u00f3n fue la propia&nbsp;<strong>Patricia Bullrich<\/strong>&nbsp;que, adem\u00e1s de unirse al reclamo, expuso la realidad que viven los pobladores: \u201c<strong>Realmente es una zona sin ley, donde vale todo, donde no rige la constituci\u00f3n<\/strong>\u201d.<\/p>\n\n\n\n<p>La presidenta del PRO se uni\u00f3 a unos&nbsp;<strong>200 vecinos<\/strong>&nbsp;de la zona que protestaron \u2013en la rotonda de Diarco, ubicada en las afueras de la ciudad en&nbsp;<strong>Bariloche<\/strong>\u2013 con banderas argentinas bajo el lema \u2018<strong>basta de terrorismo en la Patagonia<\/strong>\u2019.<\/p>\n\n\n\n<p>Si bien el problema ya fue llevado ante la Justicia por diversos vecinos y pobladores de la zona, el tiempo pasa y estos esperan una resoluci\u00f3n que les devuelva sus terrenos y casas. As\u00ed tambi\u00e9n lo remarc\u00f3 la ex ministra: \u201c<strong>Est\u00e1 todo patas para arriba, la orden de desalojo ya est\u00e1 pero no la ejecutan<\/strong>. Esa orden significa que la fiscal y los jueces del caso digan \u2018se desaloja\u2019, viene fuerzas federales, se desaloja y se devuelve las propiedades a sus leg\u00edtimos due\u00f1os y se para la usurpaci\u00f3n. Esto sigue porque nadie entra al lugar y porque&nbsp;<strong>el Gobierno nacional es parte del problema<\/strong>. Tienen respaldo pol\u00edtico total, entran y salen por donde quieren, vienen de otros lugares, tienen apoyo econ\u00f3mico, apoyo del mismo instituto nacional de asuntos ind\u00edgenas que le llevan cosas que necesitan. Est\u00e1n todos los procesos abiertos, sucede por el miedo de algunos jueces o fiscales, la decisi\u00f3n del gobierno nacional de ponerse del lado contrario y haberlos dejado crecer y dejarlos entrar y salir sin poner ning\u00fan l\u00edmite\u201d.<\/p>\n\n\n\n<p>Al respecto Bullrich relat\u00f3: \u201cNo hay ning\u00fan tipo de ley, ni constituci\u00f3n, que rija en la zona. Los vecinos y la junta vecinal de<strong>&nbsp;Villa Mascardi<\/strong>, m\u00e1s otros barrios tomados, inclusive barrios de comunidades originarias que fueron tomados por estos violentos, est\u00e1n indignados pidi\u00e9ndole al Gobierno que haga cumplir la ley y la constituci\u00f3n. Ellos ya sienten que son c\u00f3mplices del problema porque no solucionan ninguno de los temas que tienen ellos. Han quemado casas, golpeado gente, destruido el barrio entero, avanzan cada vez m\u00e1s y cada dos por tres bajan, hoy estaban dentro de lo que eran el viejo edificio de parques nacionales tir\u00e1ndole piedras a las camionetas y autos que pasaban por ah\u00ed\u201d.<\/p>\n\n\n\n<p>La movilizaci\u00f3n se vio afectada por los retenes policiales que hab\u00eda en los alrededores de la zona, por esa raz\u00f3n tuvieron que modificar la idea original, la cual era realizar una caravana de veh\u00edculos, y optar por&nbsp;<strong>marchar a pie durante 5 kil\u00f3metros<\/strong>. Sin embargo, lejos de una protesta pac\u00edfica,<strong>&nbsp;el clima se vio afectado por la presencia de organizaciones en apoyo a los mapuches<\/strong>. \u201cEn el medio de la manifestaci\u00f3n estaba el que lo agarr\u00f3 a pi\u00f1as a Diego Frutos\u2013presidente de la Junta Vecinal de Villa Mascardi y uno de los propietarios afectados por la toma de terrenos\u2013. Se puso al costado de la ruta y empez\u00f3 a insultarlo de nuevo, y no tiene orden de captura, no tiene nada y todos saben que fue el que le deform\u00f3 la cara y casi lo mata. Estaba ah\u00ed, generando una provocaci\u00f3n a la marcha, sin que la polic\u00eda que estaba adelante tuviera una orden para detenerlo, se sabe que es el que lo golpe\u00f3, que entr\u00f3 a la casa pero como no tenemos ley, las cosas pasan y el se\u00f1or estaba al lado nuestro\u201d, reconstruy\u00f3 la situaci\u00f3n la l\u00edder opositora.<\/p>\n\n\n\n<p><strong>El futuro de esta situaci\u00f3n<\/strong><\/p>\n\n\n\n<p>El aspecto legal de la situaci\u00f3n parece estar en una pausa legal, mientras avanzan las denuncias en la Justicia. Sin embargo, Bullrich fue m\u00e1s all\u00e1 y apunt\u00f3 contra el Gobierno y explic\u00f3 la complejidad de la situaci\u00f3n si es que la misma no se resuelve con rapidez. \u201cEllos no se dan cuenta que nos va a llevar a la situaci\u00f3n de Chile, ah\u00ed todos los d\u00edas hay enfrentamientos armados entre el ej\u00e9rcito, los carabineros y los pobladores violentos. Esto en la Argentina est\u00e1 reducido, si no lo tomamos ahora va a crecer mucho m\u00e1s. Nosotros lo hab\u00edamos hecho en nuestro gobierno, ten\u00edamos un comando conjunto de las fuerzas federales, provinciales, procuradores de tres provincias, el procurador nacional, los tres gobernadores y los cuatros ministerios de seguridad, los de las provincias y el de Naci\u00f3n. As\u00ed detuvimos a Jones Huala, lo mandamos a Chile con anuencia de la Corte Suprema de justicia, bajamos lo niveles de violencia y tuvimos costos por supuesto, lo que pasa es que ac\u00e1 nadie quiere pagar el costo de tener un pa\u00eds con orden y con paz\u201d, sostuvo la ex ministra de Defensa.<\/p>\n\n\n\n<p><strong>Jones Huala<\/strong><\/p>\n\n\n\n<p>El grupo es comandado por los hermanos Colhuan, quienes ya fueron imputados por algunas de las usurpaciones que protagonizaron desde 2017, aunque los vecinos creen que detr\u00e1s de los \u00faltimos ataques podr\u00eda estar Facundo Jones Huala, pr\u00f3fugo de la justicia de Chile.<\/p>\n\n\n\n<p>En ese sentido, Bullrich habl\u00f3 del l\u00edder mapuche y por qu\u00e9 se encuentra en el pa\u00eds: \u201c<strong>Jones Huala est\u00e1 en Mascardi, se ha visto, se sabe y tenemos la informaci\u00f3n de gente que vive ah\u00ed<\/strong>. Tambi\u00e9n lo sabe el Gobierno y todos los que deber\u00edan actuar. Hay que tener la decisi\u00f3n de buscarlo como la tuvimos nosotros, el tema es si \u00e9l es un protegido del gobierno o es un pr\u00f3fugo de la justicia. Es fundamental que en Argentina se lo busque\u201d.<\/p>\n","protected":false},"excerpt":{"rendered":"<p>La presidenta del PRO se uni\u00f3 a unos 200 vecinos de la zona que protestaron \u2013en la rotonda de Diarco, ubicada en las afueras de la ciudad en Bariloche\u2013 con&hellip; <\/p>\n","protected":false},"author":7,"featured_media":7990,"comment_status":"closed","ping_status":"open","sticky":false,"template":"","format":"standard","meta":{"footnotes":""},"categories":[10],"tags":[],"class_list":["post-7989","post","type-post","status-publish","format-standard","has-post-thumbnail","hentry","category-nacionales"],"_links":{"self":[{"href":"https:\/\/corrientesdetarde.com\/index.php\/wp-json\/wp\/v2\/posts\/7989","targetHints":{"allow":["GET"]}}],"collection":[{"href":"https:\/\/corrientesdetarde.com\/index.php\/wp-json\/wp\/v2\/posts"}],"about":[{"href":"https:\/\/corrientesdetarde.com\/index.php\/wp-json\/wp\/v2\/types\/post"}],"author":[{"embeddable":true,"href":"https:\/\/corrientesdetarde.com\/index.php\/wp-json\/wp\/v2\/users\/7"}],"replies":[{"embeddable":true,"href":"https:\/\/corrientesdetarde.com\/index.php\/wp-json\/wp\/v2\/comments?post=7989"}],"version-history":[{"count":1,"href":"https:\/\/corrientesdetarde.com\/index.php\/wp-json\/wp\/v2\/posts\/7989\/revisions"}],"predecessor-version":[{"id":7991,"href":"https:\/\/corrientesdetarde.com\/index.php\/wp-json\/wp\/v2\/posts\/7989\/revisions\/7991"}],"wp:featuredmedia":[{"embeddable":true,"href":"https:\/\/corrientesdetarde.com\/index.php\/wp-json\/wp\/v2\/media\/7990"}],"wp:attachment":[{"href":"https:\/\/corrientesdetarde.com\/index.php\/wp-json\/wp\/v2\/media?parent=7989"}],"wp:term":[{"taxonomy":"category","embeddable":true,"href":"https:\/\/corrientesdetarde.com\/index.php\/wp-json\/wp\/v2\/categories?post=7989"},{"taxonomy":"post_tag","embeddable":true,"href":"https:\/\/corrientesdetarde.com\/index.php\/wp-json\/wp\/v2\/tags?post=7989"}],"curies":[{"name":"wp","href":"https:\/\/api.w.org\/{rel}","templated":true}]}}