{"id":80094,"date":"2023-08-12T10:06:06","date_gmt":"2023-08-12T13:06:06","guid":{"rendered":"https:\/\/corrientesdetarde.com\/?p=80094"},"modified":"2023-08-12T10:06:17","modified_gmt":"2023-08-12T13:06:17","slug":"los-candidatos-a-presidente-gastaron-hasta-4-millones-por-dia-en-redes","status":"publish","type":"post","link":"https:\/\/corrientesdetarde.com\/index.php\/politica\/los-candidatos-a-presidente-gastaron-hasta-4-millones-por-dia-en-redes\/","title":{"rendered":"Los candidatos a presidente gastaron hasta $4 millones por d\u00eda en redes"},"content":{"rendered":"\n<p>La cuenta de Uni\u00f3n por la Patria paga los anuncios de Massa y no da lugar a Grabois. Larreta super\u00f3 en la pauta a Bullrich.<\/p>\n\n\n\n<p>La campa\u00f1a con miras a las PASO que se celebrar\u00e1n este domingo tuvo un final abrupto y sombr\u00edo. El asesinato de Morena, la nena de 11 a\u00f1os que fue abordada por dos delincuentes cuando se dirig\u00eda a la escuela, conmocion\u00f3 a la sociedad y puso fin a los actos proselitistas del oficialismo y la oposici\u00f3n.<\/p>\n\n\n\n<p>La inseguridad se meti\u00f3 de lleno en la campa\u00f1a y cada espacio articul\u00f3 una estrategia diferente para abordar el caso. Preocupado por el voto bronca, el precandidato a presidente Sergio Massa dijo que la seguridad debe ser una &#8220;cuesti\u00f3n de Estado&#8221; y le pidi\u00f3 al electorado que no deje de ir a votar el domingo. Horacio Rodr\u00edguez Larreta exigi\u00f3 respuestas a la Justicia y asegur\u00f3: &#8220;No tenemos que resignarnos a situaciones como esta&#8221;. Su rival en la interna, Patricia Bullrich, mostr\u00f3 un tono m\u00e1s duro y sostuvo que los niveles de inseguridad &#8220;no dan para m\u00e1s&#8221;.<\/p>\n\n\n\n<p>La inseguridad no fue eje central de esta campa\u00f1a. La situaci\u00f3n econ\u00f3mica abarcaba, hasta hace tan solo d\u00edas, casi la totalidad de la agenda de los precandidatos. Algo que incluso puede verificarse en los anuncios que los postulantes a la presidencia realizaron en redes sociales: la gran mayor\u00eda apuntan a la inflaci\u00f3n, el d\u00f3lar y medida para mejorar el bolsillo de los trabajadores.<\/p>\n\n\n\n<p>En el \u00faltimo mes, el gasto en redes creci\u00f3 de manera exorbitante: TN comprob\u00f3 que algunos de los dirigentes que quieren llegar a la Casa Rosada invirtieron hasta $4 millones por d\u00eda para dar a conocer sus ideas y propuestas.<\/p>\n\n\n\n<p>&nbsp; &nbsp; Los gastos se realizaron desde los propios perfiles de los candidatos o parti\u00f3 desde las cuentas oficiales que promocionan las ideas o actividades de los precandidatos. A modo de ejemplo, el candidato a gobernador bonaerense Axel Kicillof gast\u00f3 $16 millones desde su perfil -que pag\u00f3 con fondos de Uni\u00f3n por la Patria PBA- y otros $42 millones desde la cuenta &#8220;Derecho al futuro&#8221;, el slogan de su campa\u00f1a.<\/p>\n\n\n\n<p><strong>Cu\u00e1nto gastaron los precandidatos a presidente en redes sociales<\/strong><\/p>\n\n\n\n<p>Entre el 10 de julio y el 8 de agosto, los registros p\u00fablicos de Meta contabilizaron que la cuenta Uni\u00f3n por la Patria hab\u00eda gastado $51.200.000 en anuncios. Casi todos ten\u00edan como protagonista a Sergio Massa y muy pocos a Juan Grabois, su rival en la interna, que en estos \u00faltimos 30 d\u00edas -desde su propio perfil- solo destino a anuncios unos $742 mil. Este gasto al que accedi\u00f3 TN suma lo destinado a Facebook e Instagram y no tiene en cuenta otras redes como TikTok. El dinero de UxP parti\u00f3 de lo recaudado a trav\u00e9s de aportes privados.<\/p>\n\n\n\n<p>Lejos de quedarse atr\u00e1s, Axel Kicillof llev\u00f3 adelante una millonaria campa\u00f1a en redes para intentar hacer una buena elecci\u00f3n en las PASO. El gobernador y postulante a continuar cuatro a\u00f1os m\u00e1s en el cargo destin\u00f3 en total $58 millones que partieron desde su propio perfil y &#8220;Derecho al Futuro&#8221;.<\/p>\n\n\n\n<p>A los gastos del oficialismo se le deben sumar los que realiz\u00f3 el jefe de Gobierno porte\u00f1o, Leandro Santoro, que en estas \u00faltimas semanas public\u00f3 anuncios por un total de $2,4 millones. El origen de los fondos fue Uni\u00f3n por la Ciudad.<\/p>\n\n\n\n<p>&nbsp; &nbsp; Sergio Massa y Axel Kicillof tuvieron fuertes gastos en redes sociales. (Foto: Twitter\/@SergioMassa).<br>El gasto en redes en la oposici\u00f3n: Schiaretti, el que m\u00e1s invirti\u00f3 y diferencias entre Larreta y Bullrich<br>Tal como ocurre con Massa y Grabois, entre Horacio Rodr\u00edguez Larreta y Patricia Bullrich tambi\u00e9n puede apreciarse una diferencia en la cantidad de dinero que gastan en redes sociales. Mientras el jefe de Gobierno porte\u00f1o destin\u00f3 $25.668.238 (con fondos de Juntos por el Cambio) la exministra de Seguridad inform\u00f3 una inversi\u00f3n de $3.835.233 en sus anuncios, pagados con dinero de Juntos por el Cambio &#8211; La fuerza del Cambio.<\/p>\n\n\n\n<p>En la disputa por la provincia de Buenos Aires, el precandidato a gobernador bonaerense Diego Santilli gast\u00f3 $18,5 millones en redes, mientras que su rival en la interna N\u00e9stor Grindetti unos $3,1 millones, que en su gran mayor\u00eda fueron pagados con dinero del propio postulante. Los \u00faltimos d\u00edas para Grindetti no fueron f\u00e1ciles: el crimen de Morena ocurri\u00f3 en Lan\u00fas, en donde el postulante es intendente en uso de licencia desde abril de 2023.<\/p>\n\n\n\n<p>&nbsp; &nbsp; El precandidato a jefe de Gobierno porte\u00f1o Mart\u00edn Lousteau es otro de los postulantes que m\u00e1s dinero gasta en redes. Desembols\u00f3 $29.500.000 en estos \u00faltimos 30 d\u00edas, que partieron de Juntos por el Cambio -Capital Federal. Su rival en la interna, Jorge Macri, destin\u00f3 $14.400.000, que tienen una particularidad: $2,8 millones fueron pagados por el exintendente de Vicente L\u00f3pez. Salieron de su bolsillo.<\/p>\n\n\n\n<p>Los \u00faltimos dos casos de este informe son m\u00e1s que llamativos. Por un lado, el precandidato a presidente Javier Milei es el \u00fanico que no invirti\u00f3 un solo peso -al menos desde sus perfiles oficiales- en la campa\u00f1a en redes. Nada. Los registros de Meta no contabilizaron ni una erogaci\u00f3n. Llamativamente, es uno de los m\u00e1s populares y con mayor interacci\u00f3n.<\/p>\n\n\n\n<p>Todo lo contrario ocurre con Juan Schiaretti, postulante a la presidencia por Hacemos por Nuestro Pa\u00eds, que desde las cuentas &#8220;Hacemos&#8221;; &#8220;Hacemos por nuestro pa\u00eds&#8221; y &#8220;Levantemos Argentina&#8221; gast\u00f3 en los \u00faltimos 30 d\u00edas unos $120.600.000 con diversos anuncios sobre sus propuestas e ideas, las que quiere llevar adelante con Florencio Randazzo como postulante a la vicepresidencia.<\/p>\n","protected":false},"excerpt":{"rendered":"<p>La cuenta de Uni\u00f3n por la Patria paga los anuncios de Massa y no da lugar a Grabois. Larreta super\u00f3 en la pauta a Bullrich. La campa\u00f1a con miras a&hellip; <\/p>\n","protected":false},"author":3,"featured_media":80095,"comment_status":"closed","ping_status":"open","sticky":false,"template":"","format":"standard","meta":{"footnotes":""},"categories":[3],"tags":[],"class_list":["post-80094","post","type-post","status-publish","format-standard","has-post-thumbnail","hentry","category-politica"],"_links":{"self":[{"href":"https:\/\/corrientesdetarde.com\/index.php\/wp-json\/wp\/v2\/posts\/80094","targetHints":{"allow":["GET"]}}],"collection":[{"href":"https:\/\/corrientesdetarde.com\/index.php\/wp-json\/wp\/v2\/posts"}],"about":[{"href":"https:\/\/corrientesdetarde.com\/index.php\/wp-json\/wp\/v2\/types\/post"}],"author":[{"embeddable":true,"href":"https:\/\/corrientesdetarde.com\/index.php\/wp-json\/wp\/v2\/users\/3"}],"replies":[{"embeddable":true,"href":"https:\/\/corrientesdetarde.com\/index.php\/wp-json\/wp\/v2\/comments?post=80094"}],"version-history":[{"count":1,"href":"https:\/\/corrientesdetarde.com\/index.php\/wp-json\/wp\/v2\/posts\/80094\/revisions"}],"predecessor-version":[{"id":80096,"href":"https:\/\/corrientesdetarde.com\/index.php\/wp-json\/wp\/v2\/posts\/80094\/revisions\/80096"}],"wp:featuredmedia":[{"embeddable":true,"href":"https:\/\/corrientesdetarde.com\/index.php\/wp-json\/wp\/v2\/media\/80095"}],"wp:attachment":[{"href":"https:\/\/corrientesdetarde.com\/index.php\/wp-json\/wp\/v2\/media?parent=80094"}],"wp:term":[{"taxonomy":"category","embeddable":true,"href":"https:\/\/corrientesdetarde.com\/index.php\/wp-json\/wp\/v2\/categories?post=80094"},{"taxonomy":"post_tag","embeddable":true,"href":"https:\/\/corrientesdetarde.com\/index.php\/wp-json\/wp\/v2\/tags?post=80094"}],"curies":[{"name":"wp","href":"https:\/\/api.w.org\/{rel}","templated":true}]}}