{"id":80097,"date":"2023-08-12T10:07:47","date_gmt":"2023-08-12T13:07:47","guid":{"rendered":"https:\/\/corrientesdetarde.com\/?p=80097"},"modified":"2023-08-12T10:07:58","modified_gmt":"2023-08-12T13:07:58","slug":"barrio-parque-cadenas-ebrio-al-volante-despisto-y-volco","status":"publish","type":"post","link":"https:\/\/corrientesdetarde.com\/index.php\/policiales\/barrio-parque-cadenas-ebrio-al-volante-despisto-y-volco\/","title":{"rendered":"Barrio Parque Cadenas: ebrio al volante despist\u00f3 y volc\u00f3"},"content":{"rendered":"\n<p>A las 9:30, personal policial y de rescate de Bomberos Voluntarios fueron alertados del vuelco de un autom\u00f3vil sobre la avenida Ra\u00fal Alfons\u00edn al 7200, en zona del barrio Parque Cadenas de la capital provincial. En el interior hab\u00eda dos personas, ambas mayores de edad.<\/p>\n\n\n\n<p>Al llegar al lugar, los efectivos junto a vecinos que se acercaron a brindar ayuda colaboraron para que los j\u00f3venes salieran del habit\u00e1culo.<\/p>\n\n\n\n<p>Afortunadamente ninguno present\u00f3 heridas a pesar de que el Volkswagen Voyage qued\u00f3 con sus cuatro ruedas hacia arriba.<\/p>\n\n\n\n<p>Los uniformados observaron, a simple vista, que quien guiaba el veh\u00edculo ten\u00eda signos de estar bajo alguna sustancia, por lo que solicitaron a agentes de tr\u00e1nsito realizar el test de alcoholemia.<\/p>\n\n\n\n<p>Una vez realizado el correspondiente test, el conductor arroj\u00f3 1.8 gramos de alcohol en sangre.<\/p>\n\n\n\n<p>Por otra parte, se inform\u00f3 de las heridas que sufri\u00f3 un motociclista tras derrapar con su motocicleta sobre avenida Cazadores Correntinos, cuando llegaba a la intersecci\u00f3n con Maip\u00fa.<\/p>\n\n\n\n<p>En un primer momento se pens\u00f3 que hab\u00eda actuado otro veh\u00edculo, pero testigos ocasionales indicaron a la Polic\u00eda que &#8220;solo el motociclista se accident\u00f3 al realizar una maniobra tras evitar chocar a un perro&#8221;.<\/p>\n\n\n\n<p>El conductor, mayor de edad, fue trasladado al Hospital Escuela donde ingres\u00f3 con heridas de consideraci\u00f3n por lo que debi\u00f3 quedar internado.<\/p>\n\n\n\n<p>Intervino personal policial de la jurisdicci\u00f3n que realiz\u00f3 la actuaci\u00f3n sumarial del caso.<\/p>\n","protected":false},"excerpt":{"rendered":"<p>A las 9:30, personal policial y de rescate de Bomberos Voluntarios fueron alertados del vuelco de un autom\u00f3vil sobre la avenida Ra\u00fal Alfons\u00edn al 7200, en zona del barrio Parque&hellip; <\/p>\n","protected":false},"author":3,"featured_media":80098,"comment_status":"closed","ping_status":"open","sticky":false,"template":"","format":"standard","meta":{"footnotes":""},"categories":[33],"tags":[],"class_list":["post-80097","post","type-post","status-publish","format-standard","has-post-thumbnail","hentry","category-policiales"],"_links":{"self":[{"href":"https:\/\/corrientesdetarde.com\/index.php\/wp-json\/wp\/v2\/posts\/80097","targetHints":{"allow":["GET"]}}],"collection":[{"href":"https:\/\/corrientesdetarde.com\/index.php\/wp-json\/wp\/v2\/posts"}],"about":[{"href":"https:\/\/corrientesdetarde.com\/index.php\/wp-json\/wp\/v2\/types\/post"}],"author":[{"embeddable":true,"href":"https:\/\/corrientesdetarde.com\/index.php\/wp-json\/wp\/v2\/users\/3"}],"replies":[{"embeddable":true,"href":"https:\/\/corrientesdetarde.com\/index.php\/wp-json\/wp\/v2\/comments?post=80097"}],"version-history":[{"count":1,"href":"https:\/\/corrientesdetarde.com\/index.php\/wp-json\/wp\/v2\/posts\/80097\/revisions"}],"predecessor-version":[{"id":80099,"href":"https:\/\/corrientesdetarde.com\/index.php\/wp-json\/wp\/v2\/posts\/80097\/revisions\/80099"}],"wp:featuredmedia":[{"embeddable":true,"href":"https:\/\/corrientesdetarde.com\/index.php\/wp-json\/wp\/v2\/media\/80098"}],"wp:attachment":[{"href":"https:\/\/corrientesdetarde.com\/index.php\/wp-json\/wp\/v2\/media?parent=80097"}],"wp:term":[{"taxonomy":"category","embeddable":true,"href":"https:\/\/corrientesdetarde.com\/index.php\/wp-json\/wp\/v2\/categories?post=80097"},{"taxonomy":"post_tag","embeddable":true,"href":"https:\/\/corrientesdetarde.com\/index.php\/wp-json\/wp\/v2\/tags?post=80097"}],"curies":[{"name":"wp","href":"https:\/\/api.w.org\/{rel}","templated":true}]}}