{"id":8017,"date":"2022-10-03T08:33:20","date_gmt":"2022-10-03T11:33:20","guid":{"rendered":"https:\/\/corrientesdetarde.com\/?p=8017"},"modified":"2022-10-03T08:33:23","modified_gmt":"2022-10-03T11:33:23","slug":"las-reglas-estrictas-que-impone-kim-kardashian-para-volar-en-su-jet-privado-de-usd-150-millones","status":"publish","type":"post","link":"https:\/\/corrientesdetarde.com\/index.php\/espectaculos\/las-reglas-estrictas-que-impone-kim-kardashian-para-volar-en-su-jet-privado-de-usd-150-millones\/","title":{"rendered":"<strong>Las reglas estrictas que impone Kim Kardashian para volar en su jet privado de USD 150 millones<\/strong>"},"content":{"rendered":"\n<p>Volar en el \u201cKim Air\u201d no es nada f\u00e1cil, ni siquiera para los miembros de la medi\u00e1tica familia<\/p>\n\n\n\n<p>Conseguir un asiento en el \u201cKim Air\u201d no es nada f\u00e1cil.&nbsp;<strong>Kim Kardashian<\/strong>&nbsp;impone una&nbsp;<strong>serie de reglas<\/strong>&nbsp;<strong>estrictas&nbsp;<\/strong>para los pasajeros que desean un asiento en su<strong>&nbsp;avi\u00f3n privado de USD 150 millones,<\/strong>&nbsp;y ni siquiera hace excepciones para los miembros de su propia familia.<\/p>\n\n\n\n<p>La fundadora de la macara Skims se mostr\u00f3 muy dura al respecto mientras conversaba con su hermana Kendall Jenner antes de su viaje a Mil\u00e1n para un desfile de modas de Prada en el episodio del jueves de \u201cThe Kardashians\u201d de la plataforma Hulu.<\/p>\n\n\n\n<p>Kardashian, de 41 a\u00f1os, dej\u00f3 muy claro en la conversaci\u00f3n que quiere mantener impecable su avi\u00f3n G650ER personalizado.<\/p>\n\n\n\n<p>Cuando la modelo, de 26 a\u00f1os, le dijo a su hermana a trav\u00e9s de FaceTime que \u201ciba a broncearse antes de su vuelo\u201d, Kardashian reaccion\u00f3 de mala manera. \u201c\u00bfUn bronceado en aerosol antes de mi vuelo?\u201d, pregunt\u00f3 a su hermana.<\/p>\n\n\n\n<p>Pero Kardashian no quiso ni o\u00edr hablar de eso, y le dijo que no ya que el interior de color crema pod\u00eda mancharse con el autobronceante.<\/p>\n\n\n\n<p>\u201c\u00bfHas visto los asientos de cachemir?\u201d, le dijo Kim. \u201c<strong>No puedes broncearte con spray en mis asientos de cachemira\u201d.<\/strong><\/p>\n\n\n\n<p>Luego, le pregunto que quer\u00eda de comer durante el viaje y tampoco le gust\u00f3 el pedido de su hermana.<\/p>\n\n\n\n<p>Kardashian critic\u00f3 la decisi\u00f3n de su hermana de pedir pasta para su comida a bordo y dijo: \u201c<strong>Vamos a estar en la maldita Italia. No vamos a comer pasta antes de irnos\u201d.<\/strong><\/p>\n\n\n\n<p>Esta no es la primera vez que Kardashian hace demandas a quienes buscan abordar su lujoso avi\u00f3n.<\/p>\n\n\n\n<p>La ex esposa del rapero Kanye West comparti\u00f3 en un episodio de junio del reality que&nbsp;<strong>solicita a los pasajeros que descalcen antes de subir al avi\u00f3n<\/strong>&nbsp;y les ofrece una zapatillas personalizadas que dise\u00f1\u00f3 especialmente para que puedan moverse en el jet privado.<\/p>\n\n\n\n<p>Kardashian compr\u00f3 el costoso jet privado, del mismo tipo que posee Jeff Bezos, en 2021, pero tard\u00f3 un a\u00f1o en dise\u00f1arlo a su gusto.<\/p>\n\n\n\n<p>El dise\u00f1o interior del jet estuvo a cargos de los dise\u00f1adores Tommy Clements y Waldo Fernandez.<\/p>\n\n\n\n<p>La creadora de KKW Beauty no es la \u00fanica Kardashian-Jenner que disfruta de los lujos de un jet privado.<\/p>\n\n\n\n<p>La hermana menor,&nbsp;<strong>Kylie Jenner<\/strong>, compr\u00f3 un avi\u00f3n por un valor estimado de 70 millones de d\u00f3lares en 2020. Recibi\u00f3 cr\u00edticas por hacer&nbsp;<strong>un vuelo de 17 minutos a principios de este a\u00f1o y fue apodada \u201ccriminal clim\u00e1tica\u201d en las redes sociales.<\/strong><\/p>\n\n\n\n<p>El diario Page Six inform\u00f3 que la propia familia est\u00e1 preocupada por el uso que la joven de 24 a\u00f1os hace del jet privado, especialmente despu\u00e9s de que se conociera un reciente viaje entre Camarillo y Van Nuys, dos localidades de California ubicadas a 60 kil\u00f3metros de distancia.<\/p>\n\n\n\n<p>El trayecto, que en avi\u00f3n dura 17 minutos y en coche unos 40, fue publicado por una cuenta de Twitter llamada&nbsp;<em>@CelebJets<\/em>, que documenta los viajes en aviones privados de celebridades como Steven Spielberg, Jay-Z o Drake.<\/p>\n\n\n\n<p>De acuerdo con la prensa local, lo absurdo de la elecci\u00f3n lleg\u00f3 al punto de que la propia Jenner tuvo que conducir unos 30 minutos hasta la pista de despegue para subirse al avi\u00f3n.<\/p>\n\n\n\n<p>La breve duraci\u00f3n del vuelo fue r\u00e1pidamente se\u00f1alada por usuarios de la red social y activistas, quienes calificaron a la famosa de \u201cdesconsiderada\u201d por usar un medio de transporte tan contaminante para un trayecto tan breve.<\/p>\n\n\n\n<p>Sin embargo, en los d\u00edas posteriores Jenner continu\u00f3 realizando vuelos por el \u00e1rea del sur de California, algunos inferiores a los 20 minutos de duraci\u00f3n. Incluso lleg\u00f3 a publicar una fotograf\u00eda junto a su pareja, el rapero Travis Scott, en la que aparec\u00edan dos aviones con el comentario<strong>&nbsp;\u201c\u00bfusamos el tuyo o el m\u00edo?\u201d<\/strong><\/p>\n\n\n\n<p>Seg\u00fan el tabloide&nbsp;<em>Page Six<\/em>, Jenner ya ha sido amonestada por su madre, Kris Jenner, quien seg\u00fan una fuente cercana a la familia \u201c<em>ha pedido que reduzca\u201d<\/em>&nbsp;el uso del jet privado familiar.<\/p>\n\n\n\n<p>La cuenta&nbsp;<strong>@CelebJet<\/strong>s document\u00f3 recientemente vuelos breves de otros famosos como uno de 20 minutos tomado por el rapero&nbsp;<strong>Drake e<\/strong>ntre Ibiza o Barcelona, y otro de&nbsp;<strong>Steven Spielberg&nbsp;<\/strong>para desplazarse desde una localidad de Nueva Jersey a otra de Nueva York en 24 minutos.<\/p>\n\n\n\n<p>Un estudio reciente de la agencia Yard dio a conocer<strong>&nbsp;la lista de las diez celebridades que han producido m\u00e1s emisiones de di\u00f3xido de carbono (CO2) por sus viajes en jet privado<\/strong>. Los datos se recaban tras analizar m\u00e1s de 1500 vuelos realizados desde inicios de este 2022 a la fecha.&nbsp;<strong>Y la que ocupa el primer lugar es la cantante Taylor Swift.<\/strong><\/p>\n\n\n\n<p>Seg\u00fan Yard, los famosos que han analizado han emitido este a\u00f1o una media de 3.376 toneladas de CO2 con sus aviones privados, lo que se traduce en unas 482,37 toneladas m\u00e1s de lo que emite una sola persona en un vuelo comercial (unas siete toneladas aproximadamente). Y la duraci\u00f3n media de sus vuelos ha sido de 71,77 minutos<\/p>\n\n\n\n<p>La artista estadounidense habr\u00eda realizado este a\u00f1o 170 vuelos y ha acumulado 22.923 minutos en el aire, es decir, 15,9 d\u00edas, seg\u00fan datos que Yard ha obtenido de CelebJets, la cuenta que rastrea los movimientos de los aviones de los famosos. Seg\u00fan el informe, las emisiones del aparato de Swift ascienden a 8.293 toneladas.&nbsp;<strong>Su vuelo m\u00e1s corto fue de 36 minutos, de Missouri a Nashville.<\/strong><\/p>\n\n\n\n<p>Yard se\u00f1al\u00f3 que el objetivo de su informe es poner el foco en el impacto medioambiental \u201cdesproporcionado\u201d que tiene el uso de estos transportes privados.<\/p>\n\n\n\n<p>El representante de Taylor Swift, de hecho, asegur\u00f3 a la revista&nbsp;<em>Rolling Stone&nbsp;<\/em><strong>que la artista presta su avi\u00f3n con asiduidad<\/strong>&nbsp;a otras personas y que atribuirle a ella todos esos trayectos es \u201c<strong>a todas luces incorrecto\u201d.<\/strong><\/p>\n\n\n\n<p>Detr\u00e1s de Swift,&nbsp;<strong>en el top 10,<\/strong>&nbsp;se encuentran la leyenda del boxeo Floyd Mayweather, el rapero Jay-Z, el ex jugador de baseball&nbsp;<strong>A-Rod<\/strong>, el cantante de country&nbsp;<strong>Blake Shelto<\/strong>n, el director de cine&nbsp;<strong>Steven Spielberg<\/strong>, la empresaria<strong>&nbsp;Kim Kardashian<\/strong>, el actor&nbsp;<strong>Mark Wahlberg<\/strong>, la presentadora&nbsp;<strong>Oprah Winfrey<\/strong>&nbsp;y el rapero&nbsp;<strong>Travis Scott.<\/strong><\/p>\n","protected":false},"excerpt":{"rendered":"<p>Volar en el \u201cKim Air\u201d no es nada f\u00e1cil, ni siquiera para los miembros de la medi\u00e1tica familia Conseguir un asiento en el \u201cKim Air\u201d no es nada f\u00e1cil.&nbsp;Kim Kardashian&nbsp;impone&hellip; <\/p>\n","protected":false},"author":7,"featured_media":8019,"comment_status":"closed","ping_status":"open","sticky":false,"template":"","format":"standard","meta":{"footnotes":""},"categories":[19],"tags":[],"class_list":["post-8017","post","type-post","status-publish","format-standard","has-post-thumbnail","hentry","category-espectaculos"],"_links":{"self":[{"href":"https:\/\/corrientesdetarde.com\/index.php\/wp-json\/wp\/v2\/posts\/8017","targetHints":{"allow":["GET"]}}],"collection":[{"href":"https:\/\/corrientesdetarde.com\/index.php\/wp-json\/wp\/v2\/posts"}],"about":[{"href":"https:\/\/corrientesdetarde.com\/index.php\/wp-json\/wp\/v2\/types\/post"}],"author":[{"embeddable":true,"href":"https:\/\/corrientesdetarde.com\/index.php\/wp-json\/wp\/v2\/users\/7"}],"replies":[{"embeddable":true,"href":"https:\/\/corrientesdetarde.com\/index.php\/wp-json\/wp\/v2\/comments?post=8017"}],"version-history":[{"count":1,"href":"https:\/\/corrientesdetarde.com\/index.php\/wp-json\/wp\/v2\/posts\/8017\/revisions"}],"predecessor-version":[{"id":8021,"href":"https:\/\/corrientesdetarde.com\/index.php\/wp-json\/wp\/v2\/posts\/8017\/revisions\/8021"}],"wp:featuredmedia":[{"embeddable":true,"href":"https:\/\/corrientesdetarde.com\/index.php\/wp-json\/wp\/v2\/media\/8019"}],"wp:attachment":[{"href":"https:\/\/corrientesdetarde.com\/index.php\/wp-json\/wp\/v2\/media?parent=8017"}],"wp:term":[{"taxonomy":"category","embeddable":true,"href":"https:\/\/corrientesdetarde.com\/index.php\/wp-json\/wp\/v2\/categories?post=8017"},{"taxonomy":"post_tag","embeddable":true,"href":"https:\/\/corrientesdetarde.com\/index.php\/wp-json\/wp\/v2\/tags?post=8017"}],"curies":[{"name":"wp","href":"https:\/\/api.w.org\/{rel}","templated":true}]}}