{"id":80239,"date":"2023-08-13T09:50:32","date_gmt":"2023-08-13T12:50:32","guid":{"rendered":"https:\/\/corrientesdetarde.com\/?p=80239"},"modified":"2023-08-13T09:50:44","modified_gmt":"2023-08-13T12:50:44","slug":"la-baja-participacion-electoral-amenaza-con-convertir-a-estas-paso-en-una-eleccion-historica","status":"publish","type":"post","link":"https:\/\/corrientesdetarde.com\/index.php\/informacion-general\/la-baja-participacion-electoral-amenaza-con-convertir-a-estas-paso-en-una-eleccion-historica\/","title":{"rendered":"La baja participaci\u00f3n electoral amenaza con convertir a estas PASO en una elecci\u00f3n hist\u00f3rica"},"content":{"rendered":"\n<p>La &#8220;apat\u00eda electoral&#8221; asoma como un fen\u00f3meno que parece instalarse en estas elecciones. Las PASO que se desarrollan hoy podr\u00edan instalar la tendencia que marca un descenso en la participaci\u00f3n electoral y el crecimiento del voto en blanco como una problem\u00e1tica no s\u00f3lo a nivel provincial, sino tambi\u00e9n en el escenario nacional. El descontento generalizado por los problemas econ\u00f3micos y el malestar por otras demandas ciudadanas insatisfechas en la \u00faltima d\u00e9cada son algunos de los motivos de esta anemia electoral de los argentinos, coincidieron los analistas consultados por Infobae.<\/p>\n\n\n\n<p>Los n\u00fameros del calendario 2023 son contundentes: el voto en blanco aument\u00f3 en 12 de las 17 provincias que ya votaron; la participaci\u00f3n electoral baj\u00f3 en 14 de los 16 distritos que eligieron gobernador, que en algunos casos se ubic\u00f3 sorprendentemente por debajo del 70% de los electores. Los datos oficiales ejemplifican una tendencia que, si se repite hoy en las PASO, influir\u00e1 en los resultados, aunque todav\u00eda no est\u00e1 claro qui\u00e9nes ser\u00e1n los principales perjudicados. Los analistas esperan que esta tarde se confirme esta tendencia, aunque plantearon varios escenarios posibles.<\/p>\n\n\n\n<p>&nbsp;<br>El escenario m\u00e1s preocupante ser\u00eda que la participaci\u00f3n electoral vuelva a quedar hoy por debajo del 70% de los votantes. Lo mismo ocurri\u00f3 en 2021, aunque en un contexto muy distinto porque esos comicios se desarrollaron en medio de la pandemia por el Covid. Esas PASO fueron la elecci\u00f3n con menor participaci\u00f3n electoral desde el regreso de la democracia, con el 68% de los electores. Si el ausentismo vuelve a trepar hoy al 30% del padr\u00f3n, esa cifra ser\u00e1 interpretado como una manifestaci\u00f3n de descontento generalizado con la oferta electoral aunque, como suele ocurrir habitualmente, la cifra suele subir en las elecciones generales.<\/p>\n\n\n\n<p>Los analistas, sin embargo, estiman que el escenario m\u00e1s probable para hoy ser\u00eda que la participaci\u00f3n electoral quede apenas por encima del 70% del electorado, algo m\u00e1s bajo que en las elecciones presidenciales de 2019, cuando se registr\u00f3 el 76% de participaci\u00f3n. Ser\u00eda un descenso, pero menos marcado despu\u00e9s de algunos comicios provinciales, como Santa Fe, Chubut o los comicios municipales de la ciudad de C\u00f3rdoba, que hab\u00edan encendido alarmas entre las principales fuerzas pol\u00edticas y la justicia electoral, que pusieron el tema en su agenda.<\/p>\n\n\n\n<p>Tras esas experiencias, el kirchnerismo tom\u00f3 sus precauciones. El gobernador de la provincia de Buenos Aires, Axel Kicillof, le hab\u00eda manifestado a los intendentes del conurbano su preocupaci\u00f3n por el impacto que podr\u00eda tener la baja participaci\u00f3n electoral. La jueza Mar\u00eda Servini tambi\u00e9n intent\u00f3 alertar sobre las consecuencias de faltar a los comicios tras firmar una nota hace semanas que recuerda que el voto es obligatorio y, caso contrario, los incumplidores no podr\u00e1n acceder a postularse a cargos p\u00fablicos durante los pr\u00f3ximos tres a\u00f1os despu\u00e9s de la falta, y no podr\u00e1n hacer tr\u00e1mites ante administraciones p\u00fablicas nacionales, provinciales y municipales hasta un a\u00f1o despu\u00e9s de la fecha de los comicios.<\/p>\n\n\n\n<p><br><strong>La anemia electoral<\/strong><\/p>\n\n\n\n<p><br>Lucas Romero, director de Synopsys Consultores, defini\u00f3 esta actitud del electorado en los comicios provinciales como una &#8220;desafecci\u00f3n&#8221; de la ciudadan\u00eda con la pol\u00edtica o una &#8220;apat\u00eda&#8221; electoral. &#8220;Es evidente que se rompi\u00f3 el v\u00ednculo de responsabilidad del ciudadano con el sistema pol\u00edtico. Hay un pacto transaccional en la democracia: uno asume la responsabilidad de elegir para que, luego, eso sea beneficioso. Pero si tengo que ir a votar y permanentemente los tipos que elijo me hacen la vida cada vez m\u00e1s dif\u00edcil, entonces, \u00bfpara qu\u00e9 voy a ir a votar? El descenso de la participaci\u00f3n electoral y el voto en blanco son dos expresiones de esta misma problem\u00e1tica&#8221;.<\/p>\n\n\n\n<p>El consultor coment\u00f3 que, en sus habituales encuestas sobre la situaci\u00f3n del pa\u00eds, el sentimiento m\u00e1s repetido entre los entrevistados es la tristeza. &#8220;La apat\u00eda es el componente de esta crisis que estamos viviendo, que es como un 2001, pero en c\u00e1mara lenta. Hubo alternancia en el gobierno pero no se resuelven los problemas. Cuando te pasa algo malo muy lento es como que no reaccionas. No es reactivo, no hay bronca, sino resignaci\u00f3n y tristeza. Deber\u00edamos sorprendernos de que la gente no responda con m\u00e1s ausentismo del que estamos viendo&#8221;.<\/p>\n\n\n\n<p>En la misma l\u00ednea, Mariel Fornoni, directora de Management &amp; Fit, asegura que se percibe una sensanci\u00f3n de &#8220;hartazgo&#8221; con los dirigentes. &#8220;El principal factor de la baja participaci\u00f3n electoral es el hartazgo, el enojo de la gente con los pol\u00edticos. Las expectativas de la gente con la elecci\u00f3n es muy baja. Si ning\u00fan candidato te moviliza, si no hay nada nuevo, probablemente no vayan a votar&#8221;. Y enumer\u00f3 otros factores que desincentivan al electorado, como la intensidad del calendario electoral: &#8220;Si ten\u00e9s que ir a votar seis veces en un a\u00f1o, ten\u00e9s PASO en tu provincia, despu\u00e9s ten\u00e9s que elegir a tu intendente otro domingo y tambi\u00e9n ten\u00e9s las nacionales, probablemente elijas s\u00f3lo la que consideres m\u00e1s importante y suelen ser las generales&#8221;, analiz\u00f3.<\/p>\n\n\n\n<p>Otro elemento que permite el alto ausentismo -remarca- es que el castigo por incumplir la ley es pr\u00e1cticamente nulo. El castigo por no ir a votar en las PASO fue de apenas 50 pesos. Adem\u00e1s de la multa, se supone que no haber concurrido a los comicios podr\u00eda dificultar tr\u00e1mites y la gesti\u00f3n de documentos personales, como el pasaporte, pero en la pr\u00e1ctica no se aplica, indicaron fuentes judiciales. La justicia electoral mira con preocupaci\u00f3n la tendencia a la baja de la participaci\u00f3n, incluso antes de las internas abiertas, ya analizaban medidas que puedan incentivar el voto de cara a las pr\u00f3ximas elecciones generales. &#8220;La cuesti\u00f3n punitiva es muy d\u00e9bil. Si votaste o no votaste, eso no te impide nada. La multa es insignificante, entonces permite que la gente vote cada vez menos&#8221;, opin\u00f3 Fornoni.<\/p>\n\n\n\n<p>\u00bfA qui\u00e9n perjudica la ausentismo electoral? &#8220;El votante que no va a votar es parte de un electorado enojado, entonces uno deber\u00eda asumir que es un votante potencialmente opositor. Dicho esto, podr\u00edamos concluir que la baja participaci\u00f3n beneficiar\u00eda al oficialismo&#8221;, explic\u00f3 el analista Romero. Pero luego ech\u00f3 mano a un estudio realizado despu\u00e9s de las elecciones legislativas de 2021, que deduce que una buena parte de los millones de votos que perdi\u00f3 el oficialismo en esos comicios no fueron a parar a ninguna otra fuerza pol\u00edtica, sino que, justamente, s\u00f3lo se puede explicar ante el marcado descenso en la participaci\u00f3n electoral.<\/p>\n\n\n\n<p><br><strong>Las provincias<\/strong><\/p>\n\n\n\n<p><br>El voto en blanco es el que mejor refleja el descontento social, porque elector acude a votar pero demuestra su descontento con la oferta electoral. Tierra del Fuego aparece como un caso testigo. M\u00e1s de 22.000 fueguinos votaron en blanco, a pesar de que la oferta electoral incluy\u00f3 cinco candidatos a gobernador. Esta alternativa ya hab\u00eda sido alta en 2019, cuando registr\u00f3 el 7,4% de voto en blanco, pero en mayo pasado esa cifra subi\u00f3 hasta el 21,5%. El voto en blanco fue la segunda opci\u00f3n m\u00e1s elegida, despu\u00e9s del gobernador Gustavo Melella, que fue reelecto.<\/p>\n\n\n\n<p>Chaco es una de las provincias con una apat\u00eda electoral m\u00e1s alta porque en las \u00faltimas PASO a gobernador de junio se combinaron ambos factores. Las elecciones provinciales, cruzadas por la desaparici\u00f3n de Cecilia Strzyzowski, le dieron un rev\u00e9s al gobernador Jorge Capitanich, pero marcaron hasta ahora el piso de la participaci\u00f3n electoral en 2023: el 37% del electorado no fue a votar. A esa cifra hay que agregarle que el 10,8 % de los chaque\u00f1os que fueron al cuarto oscuro eligieron el voto en blanco.<\/p>\n\n\n\n<p>Aunque Chaco hab\u00eda sido una de las tantas advertencias sobre el descontento, las alarmas se encendieron con los comicios realizados hace dos semanas en Santa Fe. Las PASO santafesinas ofrec\u00edan una amplia oferta electoral: la alianza opositora, integrada por el PRO, la Uni\u00f3n C\u00edvica Radical y el socialismo, present\u00f3 tres candidatos. El peronismo local, encabezado por el senador oficialista Marcelo Lewandowski, tambi\u00e9n ten\u00eda cuatro candidatos. Pero la oferta no fue tentadora: casi 4 de cada 10 votantes habilitados no asisti\u00f3, una cifra significante para el tercer padr\u00f3n m\u00e1s numeroso del pa\u00eds.<\/p>\n\n\n\n<p>A la baja participaci\u00f3n en Santa Fe hay que sumarle que, sobre los pocos vecinos que s\u00ed acudieron a las urnas, casi el 7% vot\u00f3 en blanco. La tendencia se ha expresado, domingo a domingo, en pr\u00e1cticamente todas las citas del calendario electoral de 2023. El fin de semana pasado, Chubut tambi\u00e9n marc\u00f3 el techo del voto en blanco, cuando el 10,5% de los electores eligieron expresar su falta de representaci\u00f3n entre los candidatos.<\/p>\n\n\n\n<p><strong>C\u00f3mo se proces\u00f3 la informaci\u00f3n<\/strong><\/p>\n\n\n\n<p>La unidad de datos de Infobae recopil\u00f3 los datos de participaci\u00f3n electoral y voto en blanco en las 17 provincias en las que hubo elecciones en 2023.<\/p>\n\n\n\n<p>Las fuentes fueron los sitios web oficiales de los escrutinios de cada provincia.<\/p>\n\n\n\n<p>Si desea visualizar y\/o descargar la hoja de c\u00e1lculo, con sus respectivas pesta\u00f1as, siga este enlace.<\/p>\n","protected":false},"excerpt":{"rendered":"<p>La &#8220;apat\u00eda electoral&#8221; asoma como un fen\u00f3meno que parece instalarse en estas elecciones. Las PASO que se desarrollan hoy podr\u00edan instalar la tendencia que marca un descenso en la participaci\u00f3n&hellip; <\/p>\n","protected":false},"author":1,"featured_media":80240,"comment_status":"closed","ping_status":"open","sticky":false,"template":"","format":"standard","meta":{"footnotes":""},"categories":[1],"tags":[],"class_list":["post-80239","post","type-post","status-publish","format-standard","has-post-thumbnail","hentry","category-informacion-general"],"_links":{"self":[{"href":"https:\/\/corrientesdetarde.com\/index.php\/wp-json\/wp\/v2\/posts\/80239","targetHints":{"allow":["GET"]}}],"collection":[{"href":"https:\/\/corrientesdetarde.com\/index.php\/wp-json\/wp\/v2\/posts"}],"about":[{"href":"https:\/\/corrientesdetarde.com\/index.php\/wp-json\/wp\/v2\/types\/post"}],"author":[{"embeddable":true,"href":"https:\/\/corrientesdetarde.com\/index.php\/wp-json\/wp\/v2\/users\/1"}],"replies":[{"embeddable":true,"href":"https:\/\/corrientesdetarde.com\/index.php\/wp-json\/wp\/v2\/comments?post=80239"}],"version-history":[{"count":1,"href":"https:\/\/corrientesdetarde.com\/index.php\/wp-json\/wp\/v2\/posts\/80239\/revisions"}],"predecessor-version":[{"id":80241,"href":"https:\/\/corrientesdetarde.com\/index.php\/wp-json\/wp\/v2\/posts\/80239\/revisions\/80241"}],"wp:featuredmedia":[{"embeddable":true,"href":"https:\/\/corrientesdetarde.com\/index.php\/wp-json\/wp\/v2\/media\/80240"}],"wp:attachment":[{"href":"https:\/\/corrientesdetarde.com\/index.php\/wp-json\/wp\/v2\/media?parent=80239"}],"wp:term":[{"taxonomy":"category","embeddable":true,"href":"https:\/\/corrientesdetarde.com\/index.php\/wp-json\/wp\/v2\/categories?post=80239"},{"taxonomy":"post_tag","embeddable":true,"href":"https:\/\/corrientesdetarde.com\/index.php\/wp-json\/wp\/v2\/tags?post=80239"}],"curies":[{"name":"wp","href":"https:\/\/api.w.org\/{rel}","templated":true}]}}