{"id":80520,"date":"2023-08-14T15:22:53","date_gmt":"2023-08-14T18:22:53","guid":{"rendered":"https:\/\/corrientesdetarde.com\/?p=80520"},"modified":"2023-08-14T15:24:46","modified_gmt":"2023-08-14T18:24:46","slug":"coprodis-realizo-entrega-de-silla-de-traslado-pediatrica-y-recursos-a-familias-de-santa-lucia","status":"publish","type":"post","link":"https:\/\/corrientesdetarde.com\/index.php\/sociales\/coprodis-realizo-entrega-de-silla-de-traslado-pediatrica-y-recursos-a-familias-de-santa-lucia\/","title":{"rendered":"COPRODIS realiz\u00f3 entrega de silla de traslado pedi\u00e1trica y recursos a familias de Santa Luc\u00eda"},"content":{"rendered":"\n<p>El Ministerio de Desarrollo Social de la Provincia continuando con sus pol\u00edticas sociales en materia de discapacidad, realiz\u00f3 este viernes entrega de recursos a familias en Santa Lucia. La misma la llev\u00f3 a cabo el Consejo Provincial de Discapacidad (COPRODIS), a trav\u00e9s de su \u00e1rea social,&nbsp;consistente en una silla de traslado pedi\u00e1trica.<\/p>\n\n\n\n<p>Adem\u00e1s, se brind\u00f3 asesoramiento sobre acceso a derecho y junto al Delegado del Ministerio de Desarrollo Social en esa localidad, C\u00e9sar Heine, y su equipo, entregaron recursos a diferentes familias del lugar. Tambi\u00e9n, se distribuyeron kits igualitarios.<\/p>\n\n\n\n<p>Cabe recordar que el COPRODIS brinda atenci\u00f3n en Catamarca 580 de esta Capital, de lunes a viernes de 7 a 13 horas.<\/p>\n\n\n\n<figure class=\"wp-block-image size-large\"><img loading=\"lazy\" decoding=\"async\" width=\"657\" height=\"1024\" src=\"https:\/\/corrientesdetarde.com\/wp-content\/uploads\/2023\/08\/image-397-657x1024.png\" alt=\"\" class=\"wp-image-80521\" srcset=\"https:\/\/corrientesdetarde.com\/wp-content\/uploads\/2023\/08\/image-397-657x1024.png 657w, https:\/\/corrientesdetarde.com\/wp-content\/uploads\/2023\/08\/image-397-193x300.png 193w, https:\/\/corrientesdetarde.com\/wp-content\/uploads\/2023\/08\/image-397-768x1197.png 768w, https:\/\/corrientesdetarde.com\/wp-content\/uploads\/2023\/08\/image-397.png 828w\" sizes=\"auto, (max-width: 657px) 100vw, 657px\" \/><\/figure>\n\n\n\n<figure class=\"wp-block-image size-large\"><img loading=\"lazy\" decoding=\"async\" width=\"576\" height=\"1024\" src=\"https:\/\/corrientesdetarde.com\/wp-content\/uploads\/2023\/08\/image-398-576x1024.png\" alt=\"\" class=\"wp-image-80522\" srcset=\"https:\/\/corrientesdetarde.com\/wp-content\/uploads\/2023\/08\/image-398-576x1024.png 576w, https:\/\/corrientesdetarde.com\/wp-content\/uploads\/2023\/08\/image-398-169x300.png 169w, https:\/\/corrientesdetarde.com\/wp-content\/uploads\/2023\/08\/image-398.png 720w\" sizes=\"auto, (max-width: 576px) 100vw, 576px\" \/><\/figure>\n\n\n\n<figure class=\"wp-block-image size-large\"><img loading=\"lazy\" decoding=\"async\" width=\"771\" height=\"1024\" src=\"https:\/\/corrientesdetarde.com\/wp-content\/uploads\/2023\/08\/image-399-771x1024.png\" alt=\"\" class=\"wp-image-80523\" srcset=\"https:\/\/corrientesdetarde.com\/wp-content\/uploads\/2023\/08\/image-399-771x1024.png 771w, https:\/\/corrientesdetarde.com\/wp-content\/uploads\/2023\/08\/image-399-226x300.png 226w, https:\/\/corrientesdetarde.com\/wp-content\/uploads\/2023\/08\/image-399-768x1021.png 768w, https:\/\/corrientesdetarde.com\/wp-content\/uploads\/2023\/08\/image-399-1156x1536.png 1156w, https:\/\/corrientesdetarde.com\/wp-content\/uploads\/2023\/08\/image-399.png 1204w\" sizes=\"auto, (max-width: 771px) 100vw, 771px\" \/><\/figure>\n\n\n\n<figure class=\"wp-block-image size-large\"><img loading=\"lazy\" decoding=\"async\" width=\"771\" height=\"1024\" src=\"https:\/\/corrientesdetarde.com\/wp-content\/uploads\/2023\/08\/image-400-771x1024.png\" alt=\"\" class=\"wp-image-80524\" srcset=\"https:\/\/corrientesdetarde.com\/wp-content\/uploads\/2023\/08\/image-400-771x1024.png 771w, https:\/\/corrientesdetarde.com\/wp-content\/uploads\/2023\/08\/image-400-226x300.png 226w, https:\/\/corrientesdetarde.com\/wp-content\/uploads\/2023\/08\/image-400-768x1021.png 768w, https:\/\/corrientesdetarde.com\/wp-content\/uploads\/2023\/08\/image-400-1156x1536.png 1156w, https:\/\/corrientesdetarde.com\/wp-content\/uploads\/2023\/08\/image-400.png 1204w\" sizes=\"auto, (max-width: 771px) 100vw, 771px\" \/><\/figure>\n","protected":false},"excerpt":{"rendered":"<p>El Ministerio de Desarrollo Social de la Provincia continuando con sus pol\u00edticas sociales en materia de discapacidad, realiz\u00f3 este viernes entrega de recursos a familias en Santa Lucia. La misma&hellip; <\/p>\n","protected":false},"author":8,"featured_media":80522,"comment_status":"closed","ping_status":"open","sticky":false,"template":"","format":"standard","meta":{"footnotes":""},"categories":[17],"tags":[],"class_list":["post-80520","post","type-post","status-publish","format-standard","has-post-thumbnail","hentry","category-sociales"],"_links":{"self":[{"href":"https:\/\/corrientesdetarde.com\/index.php\/wp-json\/wp\/v2\/posts\/80520","targetHints":{"allow":["GET"]}}],"collection":[{"href":"https:\/\/corrientesdetarde.com\/index.php\/wp-json\/wp\/v2\/posts"}],"about":[{"href":"https:\/\/corrientesdetarde.com\/index.php\/wp-json\/wp\/v2\/types\/post"}],"author":[{"embeddable":true,"href":"https:\/\/corrientesdetarde.com\/index.php\/wp-json\/wp\/v2\/users\/8"}],"replies":[{"embeddable":true,"href":"https:\/\/corrientesdetarde.com\/index.php\/wp-json\/wp\/v2\/comments?post=80520"}],"version-history":[{"count":2,"href":"https:\/\/corrientesdetarde.com\/index.php\/wp-json\/wp\/v2\/posts\/80520\/revisions"}],"predecessor-version":[{"id":80527,"href":"https:\/\/corrientesdetarde.com\/index.php\/wp-json\/wp\/v2\/posts\/80520\/revisions\/80527"}],"wp:featuredmedia":[{"embeddable":true,"href":"https:\/\/corrientesdetarde.com\/index.php\/wp-json\/wp\/v2\/media\/80522"}],"wp:attachment":[{"href":"https:\/\/corrientesdetarde.com\/index.php\/wp-json\/wp\/v2\/media?parent=80520"}],"wp:term":[{"taxonomy":"category","embeddable":true,"href":"https:\/\/corrientesdetarde.com\/index.php\/wp-json\/wp\/v2\/categories?post=80520"},{"taxonomy":"post_tag","embeddable":true,"href":"https:\/\/corrientesdetarde.com\/index.php\/wp-json\/wp\/v2\/tags?post=80520"}],"curies":[{"name":"wp","href":"https:\/\/api.w.org\/{rel}","templated":true}]}}