{"id":8059,"date":"2022-10-03T09:12:45","date_gmt":"2022-10-03T12:12:45","guid":{"rendered":"https:\/\/corrientesdetarde.com\/?p=8059"},"modified":"2022-10-03T09:13:38","modified_gmt":"2022-10-03T12:13:38","slug":"la-policia-demoro-a-una-persona-y-secuestro-elementos-de-dudosa-procedencia","status":"publish","type":"post","link":"https:\/\/corrientesdetarde.com\/index.php\/crimen-y-justicia\/la-policia-demoro-a-una-persona-y-secuestro-elementos-de-dudosa-procedencia\/","title":{"rendered":"La Polic\u00eda, demor\u00f3 a una persona y secuestro elementos de dudosa procedencia"},"content":{"rendered":"\n<p>Personal Policial del G.R.I.M. 5, en la jornada de ayer 02-10-22, alrededor de las 18:30 horas, en<br>circunstancias en que se encontraban de recorrida por las distintas zonas que componen la jurisdicci\u00f3n<br>policial de la Comisaria 21\u00b0, habr\u00edan observado un joven que llevaba 02 rollos de manguera<br>aparentemente de riego y quien al notar la presencia policial, hab\u00eda arrojado estas cosas, para despu\u00e9s<br>emprender su fuga.<br>Por tal motivo y a modo de prevenci\u00f3n, los Polic\u00edas tras una breve persecuci\u00f3n, lograron demorar al mismo, trat\u00e1ndose de un joven de 24 a\u00f1os de edad, quien no pudo justificar y dar una<br>explicaci\u00f3n coherente sobre su accionar, por lo cual fue demorado y los elementos secuestrados<br>preventivamente.<br>Posteriormente y efectuadas las primeras averiguaciones, result\u00f3 que este joven, registraba<br>antecedentes por delitos contra la propiedad.<br>El demorado, junto con las cosas secuestradas, fue trasladado a la Comisaria 21, donde se llevan a<br>cabo las diligencias del caso.<\/p>\n","protected":false},"excerpt":{"rendered":"<p>Personal Policial del G.R.I.M. 5, en la jornada de ayer 02-10-22, alrededor de las 18:30 horas, encircunstancias en que se encontraban de recorrida por las distintas zonas que componen la&hellip; <\/p>\n","protected":false},"author":4,"featured_media":8060,"comment_status":"closed","ping_status":"open","sticky":false,"template":"","format":"standard","meta":{"footnotes":""},"categories":[5],"tags":[],"class_list":["post-8059","post","type-post","status-publish","format-standard","has-post-thumbnail","hentry","category-crimen-y-justicia"],"_links":{"self":[{"href":"https:\/\/corrientesdetarde.com\/index.php\/wp-json\/wp\/v2\/posts\/8059","targetHints":{"allow":["GET"]}}],"collection":[{"href":"https:\/\/corrientesdetarde.com\/index.php\/wp-json\/wp\/v2\/posts"}],"about":[{"href":"https:\/\/corrientesdetarde.com\/index.php\/wp-json\/wp\/v2\/types\/post"}],"author":[{"embeddable":true,"href":"https:\/\/corrientesdetarde.com\/index.php\/wp-json\/wp\/v2\/users\/4"}],"replies":[{"embeddable":true,"href":"https:\/\/corrientesdetarde.com\/index.php\/wp-json\/wp\/v2\/comments?post=8059"}],"version-history":[{"count":2,"href":"https:\/\/corrientesdetarde.com\/index.php\/wp-json\/wp\/v2\/posts\/8059\/revisions"}],"predecessor-version":[{"id":8062,"href":"https:\/\/corrientesdetarde.com\/index.php\/wp-json\/wp\/v2\/posts\/8059\/revisions\/8062"}],"wp:featuredmedia":[{"embeddable":true,"href":"https:\/\/corrientesdetarde.com\/index.php\/wp-json\/wp\/v2\/media\/8060"}],"wp:attachment":[{"href":"https:\/\/corrientesdetarde.com\/index.php\/wp-json\/wp\/v2\/media?parent=8059"}],"wp:term":[{"taxonomy":"category","embeddable":true,"href":"https:\/\/corrientesdetarde.com\/index.php\/wp-json\/wp\/v2\/categories?post=8059"},{"taxonomy":"post_tag","embeddable":true,"href":"https:\/\/corrientesdetarde.com\/index.php\/wp-json\/wp\/v2\/tags?post=8059"}],"curies":[{"name":"wp","href":"https:\/\/api.w.org\/{rel}","templated":true}]}}