{"id":80590,"date":"2023-08-14T20:36:17","date_gmt":"2023-08-14T23:36:17","guid":{"rendered":"https:\/\/corrientesdetarde.com\/?p=80590"},"modified":"2023-08-14T20:36:29","modified_gmt":"2023-08-14T23:36:29","slug":"valdes-viajara-a-paraguay-para-la-asuncion-de-santiago-pena","status":"publish","type":"post","link":"https:\/\/corrientesdetarde.com\/index.php\/politica\/valdes-viajara-a-paraguay-para-la-asuncion-de-santiago-pena\/","title":{"rendered":"Vald\u00e9s viajar\u00e1 a Paraguay para la asunci\u00f3n de Santiago Pe\u00f1a"},"content":{"rendered":"\n<p>El gobernador de Corrientes estar\u00e1 presente en la asunci\u00f3n del flamante presidente de la Rep\u00fablica del Paraguay.\u00a0<\/p>\n\n\n\n<p>Este martes 15 de agosto, el economista Santiago Pe\u00f1a asumir\u00e1 como el 51\u00b0 presidente de Paraguay en una ceremonia en la que participar\u00e1n varios jefes de Estado.<\/p>\n\n\n\n<p>Pe\u00f1a, de 44 a\u00f1os y reconocido como exministro de Hacienda, se impuso en las elecciones generales del pasado 30 de abril con el 42,74% de los votos.<\/p>\n\n\n\n<p>Entre los invitados que estar\u00e1n presentes en su asunci\u00f3n se destaca el gobernador de la provincia, uno de los tres pa\u00edses lim\u00edtrofes con el territorio correntino.&nbsp;<\/p>\n","protected":false},"excerpt":{"rendered":"<p>El gobernador de Corrientes estar\u00e1 presente en la asunci\u00f3n del flamante presidente de la Rep\u00fablica del Paraguay.\u00a0 Este martes 15 de agosto, el economista Santiago Pe\u00f1a asumir\u00e1 como el 51\u00b0&hellip; <\/p>\n","protected":false},"author":4,"featured_media":80608,"comment_status":"closed","ping_status":"open","sticky":false,"template":"","format":"standard","meta":{"footnotes":""},"categories":[3],"tags":[],"class_list":["post-80590","post","type-post","status-publish","format-standard","has-post-thumbnail","hentry","category-politica"],"_links":{"self":[{"href":"https:\/\/corrientesdetarde.com\/index.php\/wp-json\/wp\/v2\/posts\/80590","targetHints":{"allow":["GET"]}}],"collection":[{"href":"https:\/\/corrientesdetarde.com\/index.php\/wp-json\/wp\/v2\/posts"}],"about":[{"href":"https:\/\/corrientesdetarde.com\/index.php\/wp-json\/wp\/v2\/types\/post"}],"author":[{"embeddable":true,"href":"https:\/\/corrientesdetarde.com\/index.php\/wp-json\/wp\/v2\/users\/4"}],"replies":[{"embeddable":true,"href":"https:\/\/corrientesdetarde.com\/index.php\/wp-json\/wp\/v2\/comments?post=80590"}],"version-history":[{"count":1,"href":"https:\/\/corrientesdetarde.com\/index.php\/wp-json\/wp\/v2\/posts\/80590\/revisions"}],"predecessor-version":[{"id":80609,"href":"https:\/\/corrientesdetarde.com\/index.php\/wp-json\/wp\/v2\/posts\/80590\/revisions\/80609"}],"wp:featuredmedia":[{"embeddable":true,"href":"https:\/\/corrientesdetarde.com\/index.php\/wp-json\/wp\/v2\/media\/80608"}],"wp:attachment":[{"href":"https:\/\/corrientesdetarde.com\/index.php\/wp-json\/wp\/v2\/media?parent=80590"}],"wp:term":[{"taxonomy":"category","embeddable":true,"href":"https:\/\/corrientesdetarde.com\/index.php\/wp-json\/wp\/v2\/categories?post=80590"},{"taxonomy":"post_tag","embeddable":true,"href":"https:\/\/corrientesdetarde.com\/index.php\/wp-json\/wp\/v2\/tags?post=80590"}],"curies":[{"name":"wp","href":"https:\/\/api.w.org\/{rel}","templated":true}]}}