{"id":80930,"date":"2023-08-16T11:36:51","date_gmt":"2023-08-16T14:36:51","guid":{"rendered":"https:\/\/corrientesdetarde.com\/?p=80930"},"modified":"2023-08-16T11:37:02","modified_gmt":"2023-08-16T14:37:02","slug":"manchester-city-y-sevilla-definiran-al-campeon-de-la-supercopa-de-europa","status":"publish","type":"post","link":"https:\/\/corrientesdetarde.com\/index.php\/deportes\/manchester-city-y-sevilla-definiran-al-campeon-de-la-supercopa-de-europa\/","title":{"rendered":"Manchester City y Sevilla definir\u00e1n al campe\u00f3n de la Supercopa de Europa"},"content":{"rendered":"\n<p>En una final a jugarse en Grecia, el Manchester City de Juli\u00e1n \u00c1lvarez chocar\u00e1 con el Sevilla de los argentinos para definir qui\u00e9n ser\u00e1 el campe\u00f3n de la Supercopa de Europa.<\/p>\n\n\n\n<p>El partido se jugar\u00e1 desde las 16 hora de Argentina en el estadio Georgios Karaiskakis, en la ciudad de El Pireo y ser\u00e1 televisado por ESPN y Star+.<\/p>\n\n\n\n<p>Los Citizens, campeones por primera vez en su historia de la Champions League, y Sevilla, m\u00e1ximo ganador de la Europa League con siete trofeos, se disputar\u00e1n el primer t\u00edtulo de la temporada europea 2023\/24.<\/p>\n\n\n\n<p>En caso de empate al t\u00e9rmino del tiempo reglamentario, el partido ir\u00e1 directamente a la definici\u00f3n por penales, sin pr\u00f3rroga.<\/p>\n\n\n\n<p><strong>C\u00f3mo llega el Manchester City a la Supercopa de Europa<\/strong><\/p>\n\n\n\n<p>El reciente ganador del triplete viene de debutar en la Premier League con goleada 3 a 0 frente al Burnley. Erling Haaland, en par de ocasiones, y Rodri le dieron los tres puntos.<\/p>\n\n\n\n<p>Sin embargo, abrieron la temporada con una derrota por penales de la Community Shield ante Arsenal. Cole Palmer abri\u00f3 el encuentro para los de Manchester, pero Leandro Trossard igual\u00f3 la partida. En penales fallaron De Bruyne y Rodri para cerrar con un 4-1 a favor de los londinenses.<\/p>\n\n\n\n<p>Juli\u00e1n \u00c1lvarez se perfila para ser titular en el equipo dirigido por el espa\u00f1ol Josep &#8220;Pep&#8221; Guardiola y buscar\u00e1 conseguir su cuarto t\u00edtulo en el club ingl\u00e9s, a poco de cumplirse un a\u00f1o de su llegada.<\/p>\n\n\n\n<p>Para Guardiola, a su vez, ser\u00eda su t\u00edtulo n\u00famero 36 (y la cuarta Supercopa, dos con Barcelona y una con Bayern M\u00fanich) y se afianzar\u00eda como el segundo entrenador m\u00e1s ganador de la historia solo por detr\u00e1s de Sir Alex Ferguson (49).<\/p>\n\n\n\n<figure class=\"wp-block-image\"><img decoding=\"async\" src=\"https:\/\/www.diarioepoca.com\/content\/bucket\/6\/1314046w762h428c.webp.webp\" alt=\"\"\/><\/figure>\n\n\n\n<p><strong>C\u00f3mo llega el Sevilla a la Supercopa de Europa<\/strong><\/p>\n\n\n\n<p>En Sevilla, por su parte, estar\u00e1n otros tres campeones del Mundo. Gonzalo Montiel, Marcos Acu\u00f1a y Alejandro &#8220;Papu&#8221; G\u00f3mez, m\u00e1s Lucas Ocampos y Erik Lamela y la lista la complet\u00f3 el \u00faltimo refuerzo, Federico Gattoni.<\/p>\n\n\n\n<p>El equipo realiz\u00f3 una pretemporada con ocho partidos amistosos en los que mantuvo en r\u00e9cord irregular: 3 victorias, 3 empates y 2 derrotas. El \u00faltimo encuentro fue contra el Atl\u00e9tico de Madrid y finaliz\u00f3 por 1-1.<\/p>\n\n\n\n<p>En el debut en LaLiga de Espa\u00f1a, que comenz\u00f3 este fin de semana con el pie izquierdo, cay\u00f3 derrotado por 2-1 ante el Valencia en condici\u00f3n de local.<\/p>\n\n\n\n<p>El conjunto andaluz perdi\u00f3 las \u00faltimas cinco finales de la Supercopa y solo pudo alzar este trofeo en 2006 cuando venci\u00f3 a Barcelona por 3-0 en M\u00f3naco, la antigua sede \u00fanica de la final.<\/p>\n\n\n\n<p><strong>Manchester City vs Sevilla: probables formaciones<\/strong><\/p>\n\n\n\n<p>Manchester City: Ortega; Walker, Akanji, Gvardiol, Ak\u00e9; Rodri, Kovai; Jack Grealish, Juli\u00e1n \u00c1lvarez, Foden; Haaland. DT: Pep Guardiola.<br>&nbsp;Sevilla: Bounou; Navas, Bad\u00e9, Gudelj, Acu\u00f1a; Fernando, Rakitic; Lamela, \u00d3liver Torres, Ocampos; En-Nesyri. DT: Jos\u00e9 Luis Mendilibar.<br>Manchester City vs Sevilla: otros datos del partido<br>Hora: 16<br>TV: ESPN y Star +<br>\u00c1rbitro: Fran\u00e7ois Letexier (FRA)<br>Estadio: Georgios Karaiskakis (Atenas)<\/p>\n","protected":false},"excerpt":{"rendered":"<p>En una final a jugarse en Grecia, el Manchester City de Juli\u00e1n \u00c1lvarez chocar\u00e1 con el Sevilla de los argentinos para definir qui\u00e9n ser\u00e1 el campe\u00f3n de la Supercopa de&hellip; <\/p>\n","protected":false},"author":1,"featured_media":80942,"comment_status":"closed","ping_status":"open","sticky":false,"template":"","format":"standard","meta":{"footnotes":""},"categories":[4],"tags":[],"class_list":["post-80930","post","type-post","status-publish","format-standard","has-post-thumbnail","hentry","category-deportes"],"_links":{"self":[{"href":"https:\/\/corrientesdetarde.com\/index.php\/wp-json\/wp\/v2\/posts\/80930","targetHints":{"allow":["GET"]}}],"collection":[{"href":"https:\/\/corrientesdetarde.com\/index.php\/wp-json\/wp\/v2\/posts"}],"about":[{"href":"https:\/\/corrientesdetarde.com\/index.php\/wp-json\/wp\/v2\/types\/post"}],"author":[{"embeddable":true,"href":"https:\/\/corrientesdetarde.com\/index.php\/wp-json\/wp\/v2\/users\/1"}],"replies":[{"embeddable":true,"href":"https:\/\/corrientesdetarde.com\/index.php\/wp-json\/wp\/v2\/comments?post=80930"}],"version-history":[{"count":1,"href":"https:\/\/corrientesdetarde.com\/index.php\/wp-json\/wp\/v2\/posts\/80930\/revisions"}],"predecessor-version":[{"id":80943,"href":"https:\/\/corrientesdetarde.com\/index.php\/wp-json\/wp\/v2\/posts\/80930\/revisions\/80943"}],"wp:featuredmedia":[{"embeddable":true,"href":"https:\/\/corrientesdetarde.com\/index.php\/wp-json\/wp\/v2\/media\/80942"}],"wp:attachment":[{"href":"https:\/\/corrientesdetarde.com\/index.php\/wp-json\/wp\/v2\/media?parent=80930"}],"wp:term":[{"taxonomy":"category","embeddable":true,"href":"https:\/\/corrientesdetarde.com\/index.php\/wp-json\/wp\/v2\/categories?post=80930"},{"taxonomy":"post_tag","embeddable":true,"href":"https:\/\/corrientesdetarde.com\/index.php\/wp-json\/wp\/v2\/tags?post=80930"}],"curies":[{"name":"wp","href":"https:\/\/api.w.org\/{rel}","templated":true}]}}