{"id":80939,"date":"2023-08-16T11:42:04","date_gmt":"2023-08-16T14:42:04","guid":{"rendered":"https:\/\/corrientesdetarde.com\/?p=80939"},"modified":"2023-08-16T11:42:15","modified_gmt":"2023-08-16T14:42:15","slug":"milei-propuso-privatizar-el-conicet-que-productividad-tienen-que-han-generado-los-cientificos","status":"publish","type":"post","link":"https:\/\/corrientesdetarde.com\/index.php\/informacion-general\/milei-propuso-privatizar-el-conicet-que-productividad-tienen-que-han-generado-los-cientificos\/","title":{"rendered":"Milei propuso privatizar el Conicet: &#8220;\u00bfQu\u00e9 productividad tienen? \u00bfQu\u00e9 han generado los cient\u00edficos?&#8221;"},"content":{"rendered":"\n<p>El precandidato presidencial de La Libertad Avanza, Javier Milei, plante\u00f3 que en caso de ganar las elecciones del 22 de octubre cerrar\u00e1 el ministerio de Ciencia y T\u00e9cnica y privatizar\u00e1 el Consejo Nacional de Investigaciones Cient\u00edficas y T\u00e9cnicas (Conicet), el organismo que emplea a los cient\u00edficos e investigadoras. Y justific\u00f3 esa decisi\u00f3n al afirmar que &#8220;no se nota&#8221; el aporte de los profesionales del sector al desarrollo de la sociedad y puso en duda &#8220;su productividad&#8221;.<\/p>\n\n\n\n<p><br>En un intercambio con el periodista Jonatan Viale, por La Naci\u00f3n+, el diputado libertario que obtuvo el 30% de los votos en las PASO fue tachando todas las dependencias del Estado que eliminar\u00eda en un futuro gobierno suyo. Entre ellas, incluy\u00f3 a todas las \u00e1reas que se dedican a la ciencia y la tecnolog\u00eda en el pa\u00eds.<\/p>\n\n\n\n<p>&nbsp;<br>&#8220;Que la Ciencia y la Tecnolog\u00eda queden en mano del sector privado&#8221;, dijo Milei, mientras tachaba del organigrama al Ministerio de Ciencia y T\u00e9cnica.<\/p>\n\n\n\n<p>-\u00bfY el Conicet? -consult\u00f3 Viale.<\/p>\n\n\n\n<p>-Que quede en manos del sector privado -a\u00f1adi\u00f3 Milei<\/p>\n\n\n\n<p>-Vas a tener un despelote, -a\u00f1adi\u00f3 el conductor.<\/p>\n\n\n\n<p>-Que se ganen la plata sirviendo al pr\u00f3jimo con bienes de mejor calidad y mejor precio, como hace la gente de bien-, complet\u00f3 el diputado nacional.<\/p>\n\n\n\n<p>Al ser consultado por los miles de investigadores y cient\u00edficos cuyos salarios dependen del Estado, Milei puso en duda su utilidad: &#8220;\u00bfQu\u00e9 productividad tienen?, \u00bfqu\u00e9 han generado los cient\u00edficos?&#8221;. Y advirti\u00f3 que &#8220;no se nota&#8221; su aporte en el desarrollo econ\u00f3mico y el progreso social.<\/p>\n\n\n\n<p>&#8211; \u00bfO sea, cerr\u00e1s el Conicet?- repregunt\u00f3 Viale.<\/p>\n\n\n\n<p>&#8220;Buscaremos otra forma de asignarlo a otras cosas. Ganar\u00e1s el pan con el sudor de tu frente&#8221;, cerr\u00f3 con una cita b\u00edblica el precandidato presidencial m\u00e1s votado del pa\u00eds en las PASO.<\/p>\n\n\n\n<p>Te puede interesar: Cara a cara: Massa y Milei emergen como rivales y Bullrich se enfrenta a un dilema de hierro<\/p>\n\n\n\n<p>El gasto p\u00fablico y la ciencia<\/p>\n\n\n\n<p><br>Conocidas las declaraciones de Milei, la presidenta de Conicet, Ana Mar\u00eda Franchi, cuestion\u00f3 el criterio del candidato sobre la &#8220;productividad&#8221; del organismo y record\u00f3 su rol durante la emergencia de coronavirus. &#8220;El Conicet se pone a disposici\u00f3n de la comunidad. En la pandemia, el Conicet gener\u00f3 kits de diagn\u00f3stico de virus, que no solo sirvi\u00f3 en Argentina sino que se export\u00f3, desarroll\u00f3 los barbijos e insumos de todo tipo que sirvieron ac\u00e1 y en el mundo&#8221;, sostuvo.<\/p>\n\n\n\n<p>Y ejemplific\u00f3: &#8220;Si ten\u00e9s hijos y le quer\u00e9s sacar los piojos, el piojicida Nopucid tiene desarrollo de Conicet. O podemos hablar de los yogures que tienen probi\u00f3ticos. Podemos hablar de cosas tambi\u00e9n que no son tan tangibles, como nuestros investigadores que trabajan en distintas comunidades de extranjeros y originarias para mejorarle la calidad de vida&#8221;.<\/p>\n\n\n\n<p>&#8220;No me imagino un pa\u00eds desarrollado que no invierta en Ciencia y Tecnolog\u00eda&#8221;, subray\u00f3 Franchi, en declaraciones a Radio 10. &#8220;Cuando salieron las primeras vacunas (en la pandemia), tan esperadas para no morir o volver a vivir como antes, la primera producci\u00f3n de vacunas se la quedaron ocho o nueve pa\u00edses que fueron los desarrollados&#8221;, ilustr\u00f3.<\/p>\n\n\n\n<p>&#8220;\u00bfVamos a darles un pasaje a Ezeiza, como otras veces, a los cient\u00edficos para que se vayan? Nuestros chicos y chicas que se formaron en las universidades p\u00fablicas est\u00e1n formados desde la excelencia. Si no tienen trabajo ac\u00e1, se van a ir&#8221;, concluy\u00f3.<\/p>\n\n\n\n<p>La referencia de Franchi compara las medidas de Javier Milei con las que aplic\u00f3 uno de sus economistas de inspiraci\u00f3n, el ex ministro de Econom\u00eda, Domingo Cavallo, en la d\u00e9cada del noventa. Cavallo aplic\u00f3, como parte de las medidas de ajuste estructural del gasto p\u00fablico, un vasto desfinanciamiento de las \u00e1reas de la ciencia que incluy\u00f3 cierre de institutos y una de las fugas de cerebro m\u00e1s importantes de la historia del pa\u00eds.<\/p>\n\n\n\n<p>En ese marco, en 1994, el funcionario mand\u00f3 a &#8220;lavar los platos&#8221; p\u00fablicamente a Susana Torrado, una investigadora del CONICET ante los reclamos de mejores salarios.<\/p>\n\n\n\n<p>Varios cient\u00edficos, investigadores y especialistas en el tema repudiaron las propuestas de Javier Milei y advirtieron sus efectos negativos sobre el desarrollo econ\u00f3mico y social. El director de Planificaci\u00f3n Productiva del centro de investigaci\u00f3n Fundar, Daniel Schteingart, comparti\u00f3 un gr\u00e1fico con el &#8220;gasto p\u00fablico en ciencia y tecnolog\u00eda como porcentaje del PBI&#8221; que destinan los Estados nacionales, y asegur\u00f3 que tiende a ser &#8220;m\u00e1s alto en pa\u00edses desarrollados y viceversa&#8221;. En ese cuadro, Corea, Alemania, Francia, Estados Unidos y Brasil encabezan la lista de naciones que dedican una mayor inversi\u00f3n p\u00fablica en ese sector.<\/p>\n\n\n\n<p>&#8220;No dejo de sorprenderme de las bestialidades de Milei, que quiere cerrar el Conicet y eliminar el gasto p\u00fablico en ciencia&#8221;, lament\u00f3.<\/p>\n","protected":false},"excerpt":{"rendered":"<p>El precandidato presidencial de La Libertad Avanza, Javier Milei, plante\u00f3 que en caso de ganar las elecciones del 22 de octubre cerrar\u00e1 el ministerio de Ciencia y T\u00e9cnica y privatizar\u00e1&hellip; <\/p>\n","protected":false},"author":1,"featured_media":80946,"comment_status":"closed","ping_status":"open","sticky":false,"template":"","format":"standard","meta":{"footnotes":""},"categories":[1],"tags":[],"class_list":["post-80939","post","type-post","status-publish","format-standard","has-post-thumbnail","hentry","category-informacion-general"],"_links":{"self":[{"href":"https:\/\/corrientesdetarde.com\/index.php\/wp-json\/wp\/v2\/posts\/80939","targetHints":{"allow":["GET"]}}],"collection":[{"href":"https:\/\/corrientesdetarde.com\/index.php\/wp-json\/wp\/v2\/posts"}],"about":[{"href":"https:\/\/corrientesdetarde.com\/index.php\/wp-json\/wp\/v2\/types\/post"}],"author":[{"embeddable":true,"href":"https:\/\/corrientesdetarde.com\/index.php\/wp-json\/wp\/v2\/users\/1"}],"replies":[{"embeddable":true,"href":"https:\/\/corrientesdetarde.com\/index.php\/wp-json\/wp\/v2\/comments?post=80939"}],"version-history":[{"count":1,"href":"https:\/\/corrientesdetarde.com\/index.php\/wp-json\/wp\/v2\/posts\/80939\/revisions"}],"predecessor-version":[{"id":80947,"href":"https:\/\/corrientesdetarde.com\/index.php\/wp-json\/wp\/v2\/posts\/80939\/revisions\/80947"}],"wp:featuredmedia":[{"embeddable":true,"href":"https:\/\/corrientesdetarde.com\/index.php\/wp-json\/wp\/v2\/media\/80946"}],"wp:attachment":[{"href":"https:\/\/corrientesdetarde.com\/index.php\/wp-json\/wp\/v2\/media?parent=80939"}],"wp:term":[{"taxonomy":"category","embeddable":true,"href":"https:\/\/corrientesdetarde.com\/index.php\/wp-json\/wp\/v2\/categories?post=80939"},{"taxonomy":"post_tag","embeddable":true,"href":"https:\/\/corrientesdetarde.com\/index.php\/wp-json\/wp\/v2\/tags?post=80939"}],"curies":[{"name":"wp","href":"https:\/\/api.w.org\/{rel}","templated":true}]}}