{"id":80940,"date":"2023-08-16T11:39:06","date_gmt":"2023-08-16T14:39:06","guid":{"rendered":"https:\/\/corrientesdetarde.com\/?p=80940"},"modified":"2023-08-16T11:39:18","modified_gmt":"2023-08-16T14:39:18","slug":"hallaron-ahogada-en-empedrado-a-la-mujer-perdida-hace-siete-dias-en-capital","status":"publish","type":"post","link":"https:\/\/corrientesdetarde.com\/index.php\/policiales\/hallaron-ahogada-en-empedrado-a-la-mujer-perdida-hace-siete-dias-en-capital\/","title":{"rendered":"Hallaron ahogada en Empedrado a la mujer perdida hace siete d\u00edas en Capital"},"content":{"rendered":"\n<p>Fue en horas de la ma\u00f1ana, cuando pescadores habr\u00edan notado el cuerpo en las orillas y dieron aviso a la Prefectura y a la Polic\u00eda, quienes llevaron a cabo todas las tareas sumariales de rigor. Luego de retirado el cuerpo del agua, fue trasladado por orden judicial a las instalaciones del Instituto M\u00e9dico Forense, en el que se le habr\u00eda practicado la autopsia que arroj\u00f3 como resultado que su muerte se habr\u00eda dado por ahogamiento. Ayer por la tarde, se aguardaba la presencia de sus familiares para reconocer y retirar el cad\u00e1ver para su inhumaci\u00f3n.<\/p>\n\n\n\n<p>Hace un par de d\u00edas se hab\u00eda ampliado su b\u00fasqueda a localidades de El Sombrero y Derqui, al tiempo que embarcaciones particulares buscaban cerca de Santa Luc\u00eda. Al parecer, ya se tem\u00eda lo peor.<\/p>\n\n\n\n<p>Stella hab\u00eda sido vista por \u00faltima vez el martes 8, alrededor de las 22, por inmediaciones de las calles Fray Jos\u00e9 Quintana y San Luis de la capital correntina. A una cuadra de la costanera y cerca de la Punta San Sebasti\u00e1n. Seg\u00fan indicaron a \u00e9poca cercanos a la familia, Stella estaba atravesando un dif\u00edcil momento emocional.<\/p>\n","protected":false},"excerpt":{"rendered":"<p>Fue en horas de la ma\u00f1ana, cuando pescadores habr\u00edan notado el cuerpo en las orillas y dieron aviso a la Prefectura y a la Polic\u00eda, quienes llevaron a cabo todas&hellip; <\/p>\n","protected":false},"author":1,"featured_media":80944,"comment_status":"closed","ping_status":"open","sticky":false,"template":"","format":"standard","meta":{"footnotes":""},"categories":[33],"tags":[],"class_list":["post-80940","post","type-post","status-publish","format-standard","has-post-thumbnail","hentry","category-policiales"],"_links":{"self":[{"href":"https:\/\/corrientesdetarde.com\/index.php\/wp-json\/wp\/v2\/posts\/80940","targetHints":{"allow":["GET"]}}],"collection":[{"href":"https:\/\/corrientesdetarde.com\/index.php\/wp-json\/wp\/v2\/posts"}],"about":[{"href":"https:\/\/corrientesdetarde.com\/index.php\/wp-json\/wp\/v2\/types\/post"}],"author":[{"embeddable":true,"href":"https:\/\/corrientesdetarde.com\/index.php\/wp-json\/wp\/v2\/users\/1"}],"replies":[{"embeddable":true,"href":"https:\/\/corrientesdetarde.com\/index.php\/wp-json\/wp\/v2\/comments?post=80940"}],"version-history":[{"count":1,"href":"https:\/\/corrientesdetarde.com\/index.php\/wp-json\/wp\/v2\/posts\/80940\/revisions"}],"predecessor-version":[{"id":80945,"href":"https:\/\/corrientesdetarde.com\/index.php\/wp-json\/wp\/v2\/posts\/80940\/revisions\/80945"}],"wp:featuredmedia":[{"embeddable":true,"href":"https:\/\/corrientesdetarde.com\/index.php\/wp-json\/wp\/v2\/media\/80944"}],"wp:attachment":[{"href":"https:\/\/corrientesdetarde.com\/index.php\/wp-json\/wp\/v2\/media?parent=80940"}],"wp:term":[{"taxonomy":"category","embeddable":true,"href":"https:\/\/corrientesdetarde.com\/index.php\/wp-json\/wp\/v2\/categories?post=80940"},{"taxonomy":"post_tag","embeddable":true,"href":"https:\/\/corrientesdetarde.com\/index.php\/wp-json\/wp\/v2\/tags?post=80940"}],"curies":[{"name":"wp","href":"https:\/\/api.w.org\/{rel}","templated":true}]}}