{"id":81105,"date":"2023-08-16T20:31:00","date_gmt":"2023-08-16T23:31:00","guid":{"rendered":"https:\/\/corrientesdetarde.com\/?p=81105"},"modified":"2023-08-16T21:10:25","modified_gmt":"2023-08-17T00:10:25","slug":"como-funcionaran-las-oficinas-publicas-este-jueves-en-corrientes","status":"publish","type":"post","link":"https:\/\/corrientesdetarde.com\/index.php\/sociales\/como-funcionaran-las-oficinas-publicas-este-jueves-en-corrientes\/","title":{"rendered":"Como funcionaran las oficinas p\u00fablicas este jueves en Corrientes"},"content":{"rendered":"\n<p>Debido al feriado provincial inamovible decretado por el Gobierno de Corrientes, algunas oficinas p\u00fablicas ver\u00e1n resentida su atenci\u00f3n durante el jueves 17. Aqu\u00ed todos los detalles.<br><\/p>\n\n\n\n<p>El feriado en conmemoraci\u00f3n al paso a la inmortalidad del General Jos\u00e9 de San Mart\u00edn provocar\u00e1 que todas las oficinas p\u00fablicas provinciales y municipales permanezcan cerradas durante este jueves.<br>En el mismo sentido, las entidades bancarias tampoco abrir\u00e1n sus puertas este d\u00eda y retomar\u00e1n la atenci\u00f3n al p\u00fablico el viernes 18. Por su parte, las oficinas p\u00fablicas nacionales tendr\u00e1n un comportamiento dispar.<\/p>\n\n\n\n<p><strong>Aqu\u00ed los detalles:<\/strong><br><br>. <strong>ANSES:<\/strong> atenci\u00f3n NORMAL<br>. <strong>PAMI:<\/strong> cerrado<br>. <strong>Correo Argentino:<\/strong> atenci\u00f3n NORMAL<br>. <strong>RENAPER:<\/strong> atenci\u00f3n NORMAL<br>. Bancos: cerrados<br>. <strong>Recolecci\u00f3n de residuos<\/strong>: NORMAL<br>. <strong>Estacionamiento medido:<\/strong> no se cobrar\u00e1.<br>. <strong>Comercios: <\/strong>atenci\u00f3n normal<\/p>\n\n\n\n<figure class=\"wp-block-image\"><img decoding=\"async\" src=\"https:\/\/www.radiodos.com.ar\/content\/bucket\/0\/205350w770h433c.jpg.webp\" alt=\"\"\/><\/figure>\n\n\n\n<p><strong>As\u00ed funcionar\u00e1n los servicios municipales en Corrientes los d\u00edas 17 y 21 de agosto<\/strong><\/p>\n\n\n\n<figure class=\"wp-block-image\"><img decoding=\"async\" src=\"https:\/\/www.radiodos.com.ar\/content\/bucket\/1\/205351w770h433c.jpg.webp\" alt=\"\"\/><\/figure>\n","protected":false},"excerpt":{"rendered":"<p>Debido al feriado provincial inamovible decretado por el Gobierno de Corrientes, algunas oficinas p\u00fablicas ver\u00e1n resentida su atenci\u00f3n durante el jueves 17. Aqu\u00ed todos los detalles. El feriado en conmemoraci\u00f3n&hellip; <\/p>\n","protected":false},"author":12,"featured_media":81113,"comment_status":"closed","ping_status":"open","sticky":false,"template":"","format":"standard","meta":{"footnotes":""},"categories":[17],"tags":[],"class_list":["post-81105","post","type-post","status-publish","format-standard","has-post-thumbnail","hentry","category-sociales"],"_links":{"self":[{"href":"https:\/\/corrientesdetarde.com\/index.php\/wp-json\/wp\/v2\/posts\/81105","targetHints":{"allow":["GET"]}}],"collection":[{"href":"https:\/\/corrientesdetarde.com\/index.php\/wp-json\/wp\/v2\/posts"}],"about":[{"href":"https:\/\/corrientesdetarde.com\/index.php\/wp-json\/wp\/v2\/types\/post"}],"author":[{"embeddable":true,"href":"https:\/\/corrientesdetarde.com\/index.php\/wp-json\/wp\/v2\/users\/12"}],"replies":[{"embeddable":true,"href":"https:\/\/corrientesdetarde.com\/index.php\/wp-json\/wp\/v2\/comments?post=81105"}],"version-history":[{"count":2,"href":"https:\/\/corrientesdetarde.com\/index.php\/wp-json\/wp\/v2\/posts\/81105\/revisions"}],"predecessor-version":[{"id":81115,"href":"https:\/\/corrientesdetarde.com\/index.php\/wp-json\/wp\/v2\/posts\/81105\/revisions\/81115"}],"wp:featuredmedia":[{"embeddable":true,"href":"https:\/\/corrientesdetarde.com\/index.php\/wp-json\/wp\/v2\/media\/81113"}],"wp:attachment":[{"href":"https:\/\/corrientesdetarde.com\/index.php\/wp-json\/wp\/v2\/media?parent=81105"}],"wp:term":[{"taxonomy":"category","embeddable":true,"href":"https:\/\/corrientesdetarde.com\/index.php\/wp-json\/wp\/v2\/categories?post=81105"},{"taxonomy":"post_tag","embeddable":true,"href":"https:\/\/corrientesdetarde.com\/index.php\/wp-json\/wp\/v2\/tags?post=81105"}],"curies":[{"name":"wp","href":"https:\/\/api.w.org\/{rel}","templated":true}]}}