{"id":81168,"date":"2023-08-17T02:57:03","date_gmt":"2023-08-17T05:57:03","guid":{"rendered":"https:\/\/corrientesdetarde.com\/?p=81168"},"modified":"2023-08-17T03:04:23","modified_gmt":"2023-08-17T06:04:23","slug":"manchester-city-vencio-al-sevilla-en-los-penales-y-se-quedo-con-la-supercopa-de-europa","status":"publish","type":"post","link":"https:\/\/corrientesdetarde.com\/index.php\/deportes\/manchester-city-vencio-al-sevilla-en-los-penales-y-se-quedo-con-la-supercopa-de-europa\/","title":{"rendered":"Manchester City, con Juli\u00e1n \u00c1lvarez, venci\u00f3 a Sevilla en penales y se qued\u00f3 con la Supercopa de Europa"},"content":{"rendered":"\n<p>El partido termin\u00f3 1 a 1 en los 120 minutos pero el equipo ingl\u00e9s se lo llev\u00f3 en los tiros desde los doce pasos.<\/p>\n\n\n\n<p>El<strong>&nbsp;Manchester City de Juli\u00e1n \u00c1lvarez<\/strong>&nbsp;venci\u00f3 por 5 a 4 en la tanda de penales al&nbsp;<strong>Sevilla plagado de argentinos,<\/strong>&nbsp;despu\u00e9s de empatar 1 a 1 en los 120 minutos de juego, en el estadio Georgios Karaiskakis de Grecia y se coron\u00f3 campe\u00f3n de la Supercopa de Europa por primera vez en su historia y el segundo t\u00edtulo internacional en apenas tres meses.<\/p>\n\n\n\n<p>El marroqu\u00ed&nbsp;<strong>Youssef En-Nesyri<\/strong>&nbsp;para el Sevilla y&nbsp;<strong>Cole Palmer<\/strong>&nbsp;para el Manchester City fueron los autores de los goles en los 120 minutos reglamentarios de la final.<\/p>\n\n\n\n<p>Para la definici\u00f3n por penales, los de Josep Guardiola no fallaron ning\u00fan remate mientras que&nbsp;<strong>el serbio Nemanja Gudelj desperdici\u00f3 su oportunidad<\/strong>&nbsp;en el \u00faltimo tiro de la serie.<\/p>\n\n\n\n<figure class=\"wp-block-embed is-type-video is-provider-youtube wp-block-embed-youtube wp-embed-aspect-16-9 wp-has-aspect-ratio\"><div class=\"wp-block-embed__wrapper\">\n<iframe loading=\"lazy\" title=\"\u00a1PEP LO HIZO DE NUEVO! Toda la ceremonia de Manchester City CAMPE\u00d3N de la UEFA SUPER CUP 2023\" width=\"1110\" height=\"624\" src=\"https:\/\/www.youtube.com\/embed\/WNAyBk1HlQE?feature=oembed\" frameborder=\"0\" allow=\"accelerometer; autoplay; clipboard-write; encrypted-media; gyroscope; picture-in-picture; web-share\" allowfullscreen><\/iframe>\n<\/div><\/figure>\n\n\n\n<p>El City tuvo su cl\u00e1sico dominio con pelota desde el inicio del partido, con varias aproximaciones para el arco de Bono que no pudo concretar con brillantez. No obstante, Sevilla super\u00f3 el asedio y el marroqu\u00ed En-Nesyri abri\u00f3 el marcador con cabezazo perfecto despu\u00e9s del centro por la izquierda de Marcos Acu\u00f1a.<\/p>\n\n\n\n<p>El cuadro espa\u00f1ol se anim\u00f3 a aumentar la ventaja pero no estuvo fino en la definici\u00f3n bajo los pies de En-Nesyri. El campe\u00f3n de la Champions League consigui\u00f3 el empate de la mano de Palmer, con centro desde la izquierda de Rodri para el cabezazo del juvenil de 21 a\u00f1os para el 1 a 1.<\/p>\n\n\n\n<p>Para la definici\u00f3n, en celeste de Manchester no fall\u00f3 ning\u00fan remate, a pesar de que Bono pudo contener al menos uno que se le escap\u00f3 por poco. En la \u00faltima chance,&nbsp;<strong>Gudelj estrell\u00f3 su remate en el travesa\u00f1o<\/strong>&nbsp;y le cedi\u00f3 el t\u00edtulo al City.<\/p>\n\n\n\n<p>Este signific\u00f3\u00a0<strong>el segundo t\u00edtulo internacional del Manchester City en toda su historia<\/strong>, despu\u00e9s de haber levantado la UEFA Champions League 2022\/23 en la final del 10 de junio ante el Real Madrid.<\/p>\n\n\n\n<p>La &#8220;Ara\u00f1a&#8221;, a los 23 a\u00f1os, sum\u00f3 su 14to. t\u00edtulo e igual\u00f3 la marca de Lionel Messi, quien hab\u00eda alcanzado ese r\u00e9cord a esa misma edad.<\/p>\n\n\n\n<p>A su vez, \u00c1lvarez gan\u00f3 por und\u00e9cima vez un trofeo en su primera participaci\u00f3n: Copa Libertadores 2018, Recopa Sudamericana 2019, Copa Argentina 2019, Trofeo de Campeones 2021 (River); Copa Am\u00e9rica 2021, Final\u00edsima 2022, Copa del Mundo 2022 (Argentina); Premier League 2022\/2023, FA Cup 2023, Liga de Campeones 2022\/2023 y Supercopa de Europa 2023 (M. City).<\/p>\n\n\n\n<figure class=\"wp-block-video\"><video height=\"720\" style=\"aspect-ratio: 1280 \/ 720;\" width=\"1280\" controls src=\"https:\/\/corrientesdetarde.com\/wp-content\/uploads\/2023\/08\/mHVPJOq5xvYil-Jn-1.mp4\"><\/video><\/figure>\n","protected":false},"excerpt":{"rendered":"<p>El partido termin\u00f3 1 a 1 en los 120 minutos pero el equipo ingl\u00e9s se lo llev\u00f3 en los tiros desde los doce pasos. El&nbsp;Manchester City de Juli\u00e1n \u00c1lvarez&nbsp;venci\u00f3 por&hellip; <\/p>\n","protected":false},"author":4,"featured_media":81169,"comment_status":"closed","ping_status":"open","sticky":false,"template":"","format":"standard","meta":{"footnotes":""},"categories":[4],"tags":[],"class_list":["post-81168","post","type-post","status-publish","format-standard","has-post-thumbnail","hentry","category-deportes"],"_links":{"self":[{"href":"https:\/\/corrientesdetarde.com\/index.php\/wp-json\/wp\/v2\/posts\/81168","targetHints":{"allow":["GET"]}}],"collection":[{"href":"https:\/\/corrientesdetarde.com\/index.php\/wp-json\/wp\/v2\/posts"}],"about":[{"href":"https:\/\/corrientesdetarde.com\/index.php\/wp-json\/wp\/v2\/types\/post"}],"author":[{"embeddable":true,"href":"https:\/\/corrientesdetarde.com\/index.php\/wp-json\/wp\/v2\/users\/4"}],"replies":[{"embeddable":true,"href":"https:\/\/corrientesdetarde.com\/index.php\/wp-json\/wp\/v2\/comments?post=81168"}],"version-history":[{"count":2,"href":"https:\/\/corrientesdetarde.com\/index.php\/wp-json\/wp\/v2\/posts\/81168\/revisions"}],"predecessor-version":[{"id":81176,"href":"https:\/\/corrientesdetarde.com\/index.php\/wp-json\/wp\/v2\/posts\/81168\/revisions\/81176"}],"wp:featuredmedia":[{"embeddable":true,"href":"https:\/\/corrientesdetarde.com\/index.php\/wp-json\/wp\/v2\/media\/81169"}],"wp:attachment":[{"href":"https:\/\/corrientesdetarde.com\/index.php\/wp-json\/wp\/v2\/media?parent=81168"}],"wp:term":[{"taxonomy":"category","embeddable":true,"href":"https:\/\/corrientesdetarde.com\/index.php\/wp-json\/wp\/v2\/categories?post=81168"},{"taxonomy":"post_tag","embeddable":true,"href":"https:\/\/corrientesdetarde.com\/index.php\/wp-json\/wp\/v2\/tags?post=81168"}],"curies":[{"name":"wp","href":"https:\/\/api.w.org\/{rel}","templated":true}]}}