{"id":81256,"date":"2023-08-17T15:21:30","date_gmt":"2023-08-17T18:21:30","guid":{"rendered":"https:\/\/corrientesdetarde.com\/?p=81256"},"modified":"2023-08-18T09:31:34","modified_gmt":"2023-08-18T12:31:34","slug":"aguirre-estuvo-en-la-asuncion-del-gobernador-de-neembucu-y-enfatizo-la-busqueda-del-trabajo-con-el-paraguay","status":"publish","type":"post","link":"https:\/\/corrientesdetarde.com\/index.php\/politica\/aguirre-estuvo-en-la-asuncion-del-gobernador-de-neembucu-y-enfatizo-la-busqueda-del-trabajo-con-el-paraguay\/","title":{"rendered":"AGUIRRE ESTUVO EN LA ASUNCI\u00d3N DEL GOBERNADOR DE \u00d1EEMBUC\u00da Y ENFATIZ\u00d3 LA B\u00daSQUEDA DEL TRABAJO CON EL PARAGUAY"},"content":{"rendered":"\n<p>El Diputado Nacional Manuel Aguirre estuvo presente este mi\u00e9rcoles en el acto de traspaso de mando de las nuevas autoridades del departamento de \u00d1eembuc\u00fa, Paraguay, donde asumi\u00f3 el cargo el Gobernador V\u00edctor Hugo Forner\u00f3n<\/p>\n\n\n\n<p>Durante el evento, el Diputado Aguirre destac\u00f3 la importancia de la colaboraci\u00f3n y el trabajo conjunto entre Argentina y Paraguay para el desarrollo de la regi\u00f3n.<\/p>\n\n\n\n<p>&#8220;Es un gran honor estar presente en este importante momento para el departamento de \u00d1eembuc\u00fa y para todo Paraguay. Quiero reafirmar nuestro compromiso de fortalecer los lazos de amistad y cooperaci\u00f3n entre nuestros pa\u00edses, trabajando en conjunto para promover el desarrollo econ\u00f3mico y social de ambas naciones&#8221;, dijo el legislador correntino.<\/p>\n\n\n\n<p>Por su parte V\u00edctor Hugo Ferner\u00f3n en su discurso de asunci\u00f3n se dirigi\u00f3 al pueblo \u00d1eembuque\u00f1o y resalt\u00f3 que trabajar\u00e1 incansablemente para lograr el desarrollo del departamento.<\/p>\n\n\n\n<p>\u201cLos ideales que orientar\u00e1n mi gesti\u00f3n al frente de tan importante instituci\u00f3n, es el empe\u00f1o de afianzar las ansias de progreso de todas las personas que habitan nuestra querida regi\u00f3n\u201d, expres\u00f3 el nuevo gobernador paraguayo.<\/p>\n\n\n\n<p>El Diputado Aguirre ha sido un promotor incansable de la colaboraci\u00f3n regional, trabajando arduamente para fomentar la cooperaci\u00f3n entre Argentina y Paraguay. Con su presencia en la asunci\u00f3n de Forner\u00f3n, el legislador correntino reafirma su compromiso de trabajar en conjunto con Paraguay para fortalecer los lazos bilaterales y promover el crecimiento econ\u00f3mico y social en la regi\u00f3n.<\/p>\n","protected":false},"excerpt":{"rendered":"<p>El Diputado Nacional Manuel Aguirre estuvo presente este mi\u00e9rcoles en el acto de traspaso de mando de las nuevas autoridades del departamento de \u00d1eembuc\u00fa, Paraguay, donde asumi\u00f3 el cargo el&hellip; <\/p>\n","protected":false},"author":11,"featured_media":81375,"comment_status":"closed","ping_status":"open","sticky":false,"template":"","format":"standard","meta":{"footnotes":""},"categories":[3],"tags":[770],"class_list":["post-81256","post","type-post","status-publish","format-standard","has-post-thumbnail","hentry","category-politica","tag-aguirre"],"_links":{"self":[{"href":"https:\/\/corrientesdetarde.com\/index.php\/wp-json\/wp\/v2\/posts\/81256","targetHints":{"allow":["GET"]}}],"collection":[{"href":"https:\/\/corrientesdetarde.com\/index.php\/wp-json\/wp\/v2\/posts"}],"about":[{"href":"https:\/\/corrientesdetarde.com\/index.php\/wp-json\/wp\/v2\/types\/post"}],"author":[{"embeddable":true,"href":"https:\/\/corrientesdetarde.com\/index.php\/wp-json\/wp\/v2\/users\/11"}],"replies":[{"embeddable":true,"href":"https:\/\/corrientesdetarde.com\/index.php\/wp-json\/wp\/v2\/comments?post=81256"}],"version-history":[{"count":1,"href":"https:\/\/corrientesdetarde.com\/index.php\/wp-json\/wp\/v2\/posts\/81256\/revisions"}],"predecessor-version":[{"id":81258,"href":"https:\/\/corrientesdetarde.com\/index.php\/wp-json\/wp\/v2\/posts\/81256\/revisions\/81258"}],"wp:featuredmedia":[{"embeddable":true,"href":"https:\/\/corrientesdetarde.com\/index.php\/wp-json\/wp\/v2\/media\/81375"}],"wp:attachment":[{"href":"https:\/\/corrientesdetarde.com\/index.php\/wp-json\/wp\/v2\/media?parent=81256"}],"wp:term":[{"taxonomy":"category","embeddable":true,"href":"https:\/\/corrientesdetarde.com\/index.php\/wp-json\/wp\/v2\/categories?post=81256"},{"taxonomy":"post_tag","embeddable":true,"href":"https:\/\/corrientesdetarde.com\/index.php\/wp-json\/wp\/v2\/tags?post=81256"}],"curies":[{"name":"wp","href":"https:\/\/api.w.org\/{rel}","templated":true}]}}