{"id":81325,"date":"2023-08-17T21:46:59","date_gmt":"2023-08-18T00:46:59","guid":{"rendered":"https:\/\/corrientesdetarde.com\/?p=81325"},"modified":"2023-08-17T21:47:10","modified_gmt":"2023-08-18T00:47:10","slug":"bullrich-se-diferencio-de-milei-con-la-privatizacion-del-conicet-y-dijo-como-aplicara-la-asistencia-social","status":"publish","type":"post","link":"https:\/\/corrientesdetarde.com\/index.php\/politica\/bullrich-se-diferencio-de-milei-con-la-privatizacion-del-conicet-y-dijo-como-aplicara-la-asistencia-social\/","title":{"rendered":"Bullrich se diferenci\u00f3 de Milei con la privatizaci\u00f3n del Conicet y dijo c\u00f3mo aplicar\u00e1 la asistencia social."},"content":{"rendered":"\n<h2 class=\"wp-block-heading\">Para la candidata de Juntos por el Cambio &#8220;la ciencia es fundamental&#8221;. Antes el economista hab\u00eda puesto en duda el desempe\u00f1o de los cient\u00edficos y la producci\u00f3n del organismo estatal<\/h2>\n\n\n\n<p>En la disputa de cara a la Presidencia de la Naci\u00f3n, la candidata de Juntos por el Cambio, Patricia Bullrich, se diferenci\u00f3 de Javier Milei quien propuso el cierre del Consejo Nacional de Investigaciones Cient\u00edficas y T\u00e9cnicas (Conicet).<\/p>\n\n\n\n<p>En una entrevista con LN+, el postulante de La Libertad Avanza cuestion\u00f3 el aporte de los cient\u00edficos e investigadores que se desempe\u00f1an y puso en duda la productividad del organismo estatal. &#8220;Que la ciencia y la tecnolog\u00eda queden en mano del sector privado. Que se ganen la plata sirviendo al pr\u00f3jimo con bienes de mejor calidad y mejor precio, como hace la gente de bien&#8221;, sentenci\u00f3 Milei.<\/p>\n\n\n\n<p>&nbsp;<br>En este marco, Patricia Bullrich, quien disputa gran parte del electorado que el \u00faltimo domingo opt\u00f3 por el economista liberal, busc\u00f3 diferenciarse y se\u00f1al\u00f3 que desde Juntos por el Cambio creen que &#8220;la ciencia es fundamental&#8221;. &#8220;Queremos una ciencia cada vez mas aplicada a tener patentes, creatividad&#8221;, pero que el Conicet &#8220;sea mas din\u00e1mico y un organismo mas flexible&#8221;. &#8220;La Argentina necesita tener producci\u00f3n&#8221;, agreg\u00f3.<\/p>\n\n\n\n<p><br>En di\u00e1logo con TN, la referente del PRO fue consultada por otro de los temas que est\u00e1 en agenda en esta campa\u00f1a electoral: los planes sociales. En ese sentido, Bullrich asegur\u00f3 que un potencial gobierno suyo &#8220;desde el primer d\u00eda vamos a tener un mecanismo donde cada una de las personas que recibe una ayuda del Estado va a tener que presentarse en un lugar y ser derivada a un servicio c\u00edvico o social donde comience a tener habilidades b\u00e1sicas para el trabajo&#8221;. En tanto, para aquellas personas que cuentan con un empleo informan &#8220;vamos a sacar la incompatibilidad que existe para que no pierdan el plan&#8221;. No obstante, remarc\u00f3 la &#8220;necesidad&#8221; de &#8220;salir de los planes&#8221; y apostar al trabajo. &#8220;El Estado no le paga para que haga un piquete, le paga para que se reinserte en el mercado laboral, pasa que muchos a\u00f1os la pol\u00edtica busc\u00f3 mantener el clientelismo&#8221;, describi\u00f3 desde su \u00f3ptima el problema de la asistencia social y el empleo.<\/p>\n\n\n\n<p>Pese a que Milei aventaj\u00f3 a Bullrich por m\u00e1s de 3 millones de votos, la ex ministra descarta proponerle un acuerdo electoral al economista: &#8220;Ya estamos en la final con nuestro equipo, listos para salir a la cancha y vamos a competir contra (Sergio) Massa y contra Milei; ya est\u00e1&#8221;. &#8220;Vamos a salir a ganar, pero no se c\u00f3mo va a ser el partido&#8221;, dijo aguardando llegar al balotaje.<\/p>\n\n\n\n<p>&#8220;La gente va a elegir qui\u00e9n cree que es el liderazgo que puede sacar al pa\u00eds de esta crisis que cada d\u00eda se profundiza m\u00e1s. En mi van a ver ese liderazgo, con un programa, equipos, gobernadores, diputados, senadores, con una fuerza unida&#8221;, continu\u00f3 y se\u00f1al\u00f3 que &#8220;desde el primer d\u00eda&#8221; presentar\u00e1 &#8220;el paquete de leyes que vamos a necesitar y las que vamos a derogar que traban la econom\u00eda&#8221;.<\/p>\n\n\n\n<p>Este mi\u00e9rcoles Bullrich cont\u00f3 que fue contactada por autoridades del Fondo Monetario Internacional y que viajar\u00e1 en su representaci\u00f3n Luciano Laspina y el equipo econ\u00f3mico de JXC pero que ser\u00e1n &#8220;prudentes en el di\u00e1logo&#8221;.<\/p>\n\n\n\n<p>La interna de Juntos por el Cambio<\/p>\n\n\n\n<p>Bullrich describi\u00f3 su triunfo frente a Horacio Rodr\u00edguez Larreta como el enfrentamiento entre &#8220;David y Goliat&#8221;. &#8220;Estamos orgullosos. Pusimos el eje del cambio bien fuerte y logramos convencer a una mayor\u00eda importante de ciudadanos y ganamos unas PASO que nos pone en pole position en esta carrera que arranca ahora&#8221;, manifest\u00f3.<\/p>\n\n\n\n<p>La candidata a presidente explic\u00f3 que las Primarias sirvieron para definir &#8220;la direcci\u00f3n, las ideas, el programa y el liderazgo&#8221; de la coalici\u00f3n opositora: &#8220;Resuelto eso, pas\u00f3 lo que ten\u00eda que pasar, quienes ganamos asumimos la conducci\u00f3n de este proceso y quienes perdieron se suman con todo lo que pueden aportar&#8221;.<\/p>\n\n\n\n<p>Con respecto al rol de Mauricio Macri, quien se sum\u00f3 a \u00faltimo momento al b\u00fanker opositor, destac\u00f3 que como ex presidente &#8220;va a ser un consejero importante&#8221;, pero que el liderazgo ser\u00e1 de ella: &#8220;Me lo gan\u00e9, \u00bfno?&#8221;<\/p>\n","protected":false},"excerpt":{"rendered":"<p>Para la candidata de Juntos por el Cambio &#8220;la ciencia es fundamental&#8221;. Antes el economista hab\u00eda puesto en duda el desempe\u00f1o de los cient\u00edficos y la producci\u00f3n del organismo estatal&hellip; <\/p>\n","protected":false},"author":6,"featured_media":81332,"comment_status":"closed","ping_status":"open","sticky":false,"template":"","format":"standard","meta":{"footnotes":""},"categories":[3],"tags":[],"class_list":["post-81325","post","type-post","status-publish","format-standard","has-post-thumbnail","hentry","category-politica"],"_links":{"self":[{"href":"https:\/\/corrientesdetarde.com\/index.php\/wp-json\/wp\/v2\/posts\/81325","targetHints":{"allow":["GET"]}}],"collection":[{"href":"https:\/\/corrientesdetarde.com\/index.php\/wp-json\/wp\/v2\/posts"}],"about":[{"href":"https:\/\/corrientesdetarde.com\/index.php\/wp-json\/wp\/v2\/types\/post"}],"author":[{"embeddable":true,"href":"https:\/\/corrientesdetarde.com\/index.php\/wp-json\/wp\/v2\/users\/6"}],"replies":[{"embeddable":true,"href":"https:\/\/corrientesdetarde.com\/index.php\/wp-json\/wp\/v2\/comments?post=81325"}],"version-history":[{"count":1,"href":"https:\/\/corrientesdetarde.com\/index.php\/wp-json\/wp\/v2\/posts\/81325\/revisions"}],"predecessor-version":[{"id":81333,"href":"https:\/\/corrientesdetarde.com\/index.php\/wp-json\/wp\/v2\/posts\/81325\/revisions\/81333"}],"wp:featuredmedia":[{"embeddable":true,"href":"https:\/\/corrientesdetarde.com\/index.php\/wp-json\/wp\/v2\/media\/81332"}],"wp:attachment":[{"href":"https:\/\/corrientesdetarde.com\/index.php\/wp-json\/wp\/v2\/media?parent=81325"}],"wp:term":[{"taxonomy":"category","embeddable":true,"href":"https:\/\/corrientesdetarde.com\/index.php\/wp-json\/wp\/v2\/categories?post=81325"},{"taxonomy":"post_tag","embeddable":true,"href":"https:\/\/corrientesdetarde.com\/index.php\/wp-json\/wp\/v2\/tags?post=81325"}],"curies":[{"name":"wp","href":"https:\/\/api.w.org\/{rel}","templated":true}]}}