{"id":81349,"date":"2023-08-17T22:10:17","date_gmt":"2023-08-18T01:10:17","guid":{"rendered":"https:\/\/corrientesdetarde.com\/?p=81349"},"modified":"2023-08-17T22:10:28","modified_gmt":"2023-08-18T01:10:28","slug":"la-provincia-entrega-importante-equipamiento-para-hospitales","status":"publish","type":"post","link":"https:\/\/corrientesdetarde.com\/index.php\/bienestar-y-salud\/la-provincia-entrega-importante-equipamiento-para-hospitales\/","title":{"rendered":"La Provincia entrega importante equipamiento para hospitales."},"content":{"rendered":"\n<h2 class=\"wp-block-heading\">El Gobierno de la Provincia realiz\u00f3 una inversi\u00f3n de $557.174.032.<\/h2>\n\n\n\n<p>El gobernador Gustavo Vald\u00e9s, junto al ministro de Salud P\u00fablica, Ricardo Cardozo, entregar\u00e1 equipamientos a distintas instituciones sanitarias, con el fin de continuar fortaleciendo y garantizando una salud p\u00fablica de calidad para todos los correntinos. Para ello, el Gobierno de la Provincia realiz\u00f3 una inversi\u00f3n de \u00a0$ 557.174.032. El acto respectivo tendr\u00e1 lugar este viernes a las 10 en el sal\u00f3n auditorio del Hospital de Campa\u00f1a Escuela Hogar, ubicado en avenida Pedro Ferr\u00e9 2755.<\/p>\n\n\n\n<p>El equipamiento ser\u00e1 entregado a los hospitales las localidades de San Roque, Alvear, Curuz\u00fa Cuati\u00e1, Liebig, de Ituzaing\u00f3, Mercedes, Esquina, Paso de la Patria, San Miguel, Sauce, Monte Caseros, Bella Vista, Goya, Santo Tom\u00e9, Yapey\u00fa, santa Lucia, Colonia Carolina, Concepci\u00f3n, Ca\u00e1 Cat\u00ed y Caim\u00e1n.<\/p>\n\n\n\n<p>Y a los hospitales de la Capital: Escuela Gral. Jos\u00e9 Francisco de San Mart\u00edn; Geri\u00e1trico Juana Francisca Cabral, J. R. Vidal, Materno Neonatal Elo\u00edsa Torrent de Vidal, Pedi\u00e1trico Juan Pablo II y Campa\u00f1a Escuela Hogar.<\/p>\n\n\n\n<p>Tambi\u00e9n, ser\u00e1 para los Caps N\u00ba 2, Caps N\u00ba 11, Caps N\u00ba 5, Caps N\u00ba 9 y Caps N\u00ba 3; y a las Direcciones de Zoonosis, Administraci\u00f3n, Inmunizaciones, y de Salud Materno Infanto Juvenil; y a la Red Provincial de C\u00e1ncer de Mama.<\/p>\n\n\n\n<p>En la ocasi\u00f3n, tambi\u00e9n se entregan dos Mercedes Benz Sprinter Furgon y tres Mercedes Benz Accelo 815 refriguerado a la Droguer\u00eda Central de la Provincia, para la log\u00edstica de distribuci\u00f3n de insumos.<\/p>\n\n\n\n<p><\/p>\n","protected":false},"excerpt":{"rendered":"<p>El Gobierno de la Provincia realiz\u00f3 una inversi\u00f3n de $557.174.032. El gobernador Gustavo Vald\u00e9s, junto al ministro de Salud P\u00fablica, Ricardo Cardozo, entregar\u00e1 equipamientos a distintas instituciones sanitarias, con el&hellip; <\/p>\n","protected":false},"author":6,"featured_media":81350,"comment_status":"closed","ping_status":"open","sticky":false,"template":"","format":"standard","meta":{"footnotes":""},"categories":[16],"tags":[],"class_list":["post-81349","post","type-post","status-publish","format-standard","has-post-thumbnail","hentry","category-bienestar-y-salud"],"_links":{"self":[{"href":"https:\/\/corrientesdetarde.com\/index.php\/wp-json\/wp\/v2\/posts\/81349","targetHints":{"allow":["GET"]}}],"collection":[{"href":"https:\/\/corrientesdetarde.com\/index.php\/wp-json\/wp\/v2\/posts"}],"about":[{"href":"https:\/\/corrientesdetarde.com\/index.php\/wp-json\/wp\/v2\/types\/post"}],"author":[{"embeddable":true,"href":"https:\/\/corrientesdetarde.com\/index.php\/wp-json\/wp\/v2\/users\/6"}],"replies":[{"embeddable":true,"href":"https:\/\/corrientesdetarde.com\/index.php\/wp-json\/wp\/v2\/comments?post=81349"}],"version-history":[{"count":1,"href":"https:\/\/corrientesdetarde.com\/index.php\/wp-json\/wp\/v2\/posts\/81349\/revisions"}],"predecessor-version":[{"id":81351,"href":"https:\/\/corrientesdetarde.com\/index.php\/wp-json\/wp\/v2\/posts\/81349\/revisions\/81351"}],"wp:featuredmedia":[{"embeddable":true,"href":"https:\/\/corrientesdetarde.com\/index.php\/wp-json\/wp\/v2\/media\/81350"}],"wp:attachment":[{"href":"https:\/\/corrientesdetarde.com\/index.php\/wp-json\/wp\/v2\/media?parent=81349"}],"wp:term":[{"taxonomy":"category","embeddable":true,"href":"https:\/\/corrientesdetarde.com\/index.php\/wp-json\/wp\/v2\/categories?post=81349"},{"taxonomy":"post_tag","embeddable":true,"href":"https:\/\/corrientesdetarde.com\/index.php\/wp-json\/wp\/v2\/tags?post=81349"}],"curies":[{"name":"wp","href":"https:\/\/api.w.org\/{rel}","templated":true}]}}