{"id":8162,"date":"2022-10-03T13:22:15","date_gmt":"2022-10-03T16:22:15","guid":{"rendered":"https:\/\/corrientesdetarde.com\/?p=8162"},"modified":"2022-10-03T13:22:20","modified_gmt":"2022-10-03T16:22:20","slug":"tassano-corrientes-es-una-ciudad-de-eventos-y-eso-se-refleja-en-la-pena-oficial","status":"publish","type":"post","link":"https:\/\/corrientesdetarde.com\/index.php\/sociales\/tassano-corrientes-es-una-ciudad-de-eventos-y-eso-se-refleja-en-la-pena-oficial\/","title":{"rendered":"Tassano: \u201cCorrientes es una ciudad de eventos y eso se refleja en la Pe\u00f1a Oficial\u201d"},"content":{"rendered":"\n<p><em>\u201cM\u00e1s que nunca, vamos a hacer fuerza por consolidar a Corrientes como una ciudad tur\u00edstica\u201d, ratific\u00f3 el intendente, quien en la noche de este domingo disfrut\u00f3, junto a cientos de vecinos, de la jornada chamamecera realizada en el Paseo Arazaty. Un desfile de destacados artistas del g\u00e9nero musical representativo de la provincia y una masiva concurrencia revalidaron el \u00e9xito de la propuesta.<\/em><\/p>\n\n\n\n<figure class=\"wp-block-embed is-type-video is-provider-youtube wp-block-embed-youtube wp-embed-aspect-16-9 wp-has-aspect-ratio\"><div class=\"wp-block-embed__wrapper\">\n<iframe loading=\"lazy\" title=\"Tassano: \u201cCorrientes es una ciudad de eventos y eso se refleja en la Pe\u00f1a Oficial\u201d\" width=\"1110\" height=\"624\" src=\"https:\/\/www.youtube.com\/embed\/9L-Se3h0AMM?feature=oembed\" frameborder=\"0\" allow=\"accelerometer; autoplay; clipboard-write; encrypted-media; gyroscope; picture-in-picture\" allowfullscreen><\/iframe>\n<\/div><\/figure>\n\n\n\n<p>En la noche de este domingo, el intendente Eduardo Tassano particip\u00f3 de la segunda jornada de la Pe\u00f1a Oficial de la Ciudad, evento que se llev\u00f3 a cabo en el Paseo Arazaty y que ratific\u00f3 la aceptaci\u00f3n de un p\u00fablico que se volc\u00f3 de forma masiva para disfrutar de los acordes del chamam\u00e9.<br>Con la denominaci\u00f3n de \u201cChamam\u00e9 del Encuentro\u201d, la tradicional actividad propuso dos jornadas plenas para escuchar y bailar con la m\u00fasica del litoral, desde las interpretaciones de destacados artistas que pasaron por el escenario entre el s\u00e1bado y el domingo \u00faltimo.<br>La Pe\u00f1a Oficial, las Ferias de la Ciudad y la reciente apertura de la temporada de playas 2022-2023- hacen que la ciudad comience a ampliar y adecuar su agenda de propuestas a la \u00e9poca estival que se aproxima y, adem\u00e1s, a ratificar su rumbo como destino tur\u00edstico, destacaron desde la Municipalidad.<br>\u201cEstamos viviendo una edici\u00f3n especial de la Pe\u00f1a, una actividad que iniciamos hace cinco a\u00f1os y que se mantuvo en forma ininterrumpida, incluso en la etapa m\u00e1s delicada de la pandemia, cuando decidimos hacerla en forma virtual\u201d, record\u00f3 el intendente acerca de la propuesta que se desarrolla en el predio ubicado en la intersecci\u00f3n de la avenida costanera Juan Pablo II y la calle Lavalle.<br>Tassano se refiri\u00f3 luego a la impronta dada desde la gesti\u00f3n que encabeza, con una gran variedad de propuestas para los vecinos y visitantes: \u201cCorrientes est\u00e1 posicionada como una ciudad de eventos, y eso qued\u00f3 de manifiesto con la convocatoria de esta pe\u00f1a en sus dos jornadas, pero tambi\u00e9n el \u00faltimo s\u00e1bado, oportunidad en la que se realiz\u00f3 la apertura de la temporada de nuestras playas\u201d, afirm\u00f3.<br>\u201cA estas actividades se le suman otras acciones que tienen que ver tambi\u00e9n con generar un espacio de esparcimiento y recreaci\u00f3n\u201d, sostuvo el intendente, quien seguidamente ratific\u00f3 que \u201cm\u00e1s que nunca, vamos a hacer fuerza por consolidar a Corrientes como una ciudad tur\u00edstica\u201d.<\/p>\n\n\n\n<figure class=\"wp-block-image size-large\"><img loading=\"lazy\" decoding=\"async\" width=\"1024\" height=\"675\" src=\"https:\/\/corrientesdetarde.com\/wp-content\/uploads\/2022\/10\/Captura-de-pantalla-2022-10-03-131557-1024x675.png\" alt=\"\" class=\"wp-image-8164\" srcset=\"https:\/\/corrientesdetarde.com\/wp-content\/uploads\/2022\/10\/Captura-de-pantalla-2022-10-03-131557-1024x675.png 1024w, https:\/\/corrientesdetarde.com\/wp-content\/uploads\/2022\/10\/Captura-de-pantalla-2022-10-03-131557-300x198.png 300w, https:\/\/corrientesdetarde.com\/wp-content\/uploads\/2022\/10\/Captura-de-pantalla-2022-10-03-131557-768x506.png 768w, https:\/\/corrientesdetarde.com\/wp-content\/uploads\/2022\/10\/Captura-de-pantalla-2022-10-03-131557.png 1263w\" sizes=\"auto, (max-width: 1024px) 100vw, 1024px\" \/><\/figure>\n\n\n\n<p><br><br>M\u00c1S CULTURA, M\u00c1S CHAMAM\u00c9<br>El intendente se refiri\u00f3 luego al \u00e9xito de la Pe\u00f1a Oficial de la Ciudad y a una agenda cultural que se ampliar\u00e1 en los pr\u00f3ximos meses. \u201cLa gente aprecia mucho este tipo de eventos. La Pe\u00f1a se ha consolidado con una presencia constante de p\u00fablico\u201d, dijo Tassano y agreg\u00f3 que \u201clos vecinos y visitantes ya saben y esperan esta actividad; por eso, redoblamos la apuesta, generando nuevos espacios para el chamam\u00e9, incluso entre semana, por la alt\u00edsima demanda de parte de los turistas\u201d.<br>Finalmente, el intendente adelant\u00f3 que ya se comenz\u00f3 con la diagramaci\u00f3n de una agenda chamamecera que cada vez ofrece una mayor cantidad de artistas y que, de esta manera, se posiciona como una de las propuestas culturales municipales m\u00e1s convocantes: \u201cLa oportunidad es propicia para certificar que es importante contar con espacios para nuestra m\u00fasica y nuestra cultura. Por eso, estamos trabajando con vistas a la bailanta chamamecera que se va a realizar en el mes de noviembre, otro evento que ya es tradicional y de gran concurrencia\u201d, indic\u00f3, en referencia a la propuesta A Bailar Chamam\u00e9, otra iniciativa ya totalmente instalada como evento cultural en la ciudad.<\/p>\n\n\n\n<figure class=\"wp-block-image size-large\"><img loading=\"lazy\" decoding=\"async\" width=\"1024\" height=\"678\" src=\"https:\/\/corrientesdetarde.com\/wp-content\/uploads\/2022\/10\/Captura-de-pantalla-2022-10-03-131624-1024x678.png\" alt=\"\" class=\"wp-image-8165\" srcset=\"https:\/\/corrientesdetarde.com\/wp-content\/uploads\/2022\/10\/Captura-de-pantalla-2022-10-03-131624-1024x678.png 1024w, https:\/\/corrientesdetarde.com\/wp-content\/uploads\/2022\/10\/Captura-de-pantalla-2022-10-03-131624-300x199.png 300w, https:\/\/corrientesdetarde.com\/wp-content\/uploads\/2022\/10\/Captura-de-pantalla-2022-10-03-131624-768x508.png 768w, https:\/\/corrientesdetarde.com\/wp-content\/uploads\/2022\/10\/Captura-de-pantalla-2022-10-03-131624.png 1257w\" sizes=\"auto, (max-width: 1024px) 100vw, 1024px\" \/><\/figure>\n\n\n\n<p><br><br>EL\u00a0<em>BOCHA<\/em>\u00a0SHERIDAN, EMBAJADOR DEL CHAMAM\u00c9<br>Santiago\u00a0<em>Bocha<\/em>\u00a0Sheridan fue una de las figuras destacadas sobre el escenario de la Pe\u00f1a Oficial. El referente del g\u00e9nero fue el n\u00famero m\u00e1s fuerte del evento que se llev\u00f3 adelante en el Paseo Arazaty, oportunidad en la que la Municipalidad les entreg\u00f3, a \u00e9l y a Mario Bofill, una placa en reconocimiento por su trayectoria y su enorme aporte a la cultura. \u201cEstoy gratamente sorprendido por la calidad del espect\u00e1culo\u201d, valor\u00f3 Sheridan. \u201cEs una noche especial para m\u00ed, ya que me present\u00e9 con el Quinteto Cocomarola\u201d, agreg\u00f3 luego.<br>Con las emociones a flor de piel tras el paso por el escenario, el destacado artista asegur\u00f3 que \u201ces muy lindo sentir el cari\u00f1o y afecto de la gente con uno, adem\u00e1s en una noche en la que se me entreg\u00f3 un reconocimiento a la trayectoria\u201d. Seguidamente, realiz\u00f3 una breve rese\u00f1a de su extenso paso por la m\u00fasica: \u201cLlevo muchos a\u00f1os ligado a la m\u00fasica, al chamam\u00e9 y me considero un defensor de nuestra cultura; son m\u00e1s de 40 a\u00f1os de trayectoria. Soy un convencido de que el chamam\u00e9 tiene que estar presente siempre\u201d, finaliz\u00f3.<br>La doble jornada del \u201cChamam\u00e9 del Encuentro\u201d propuso un desfile de artistas de dilatada trayectoria como Ver\u00f3n Palacios, Los Chaque\u00f1\u00edsimos Cardozo o el\u00a0<em>Bocha<\/em>\u00a0Sheridan, pero tambi\u00e9n de nuevos exponentes de la m\u00fasica litorale\u00f1a como Ver\u00f3nica Noguera, Luceros del Litoral o Ra\u00edces Correntinas, entre otros.<\/p>\n\n\n\n<figure class=\"wp-block-image size-large\"><img loading=\"lazy\" decoding=\"async\" width=\"1024\" height=\"675\" src=\"https:\/\/corrientesdetarde.com\/wp-content\/uploads\/2022\/10\/Captura-de-pantalla-2022-10-03-131641-1024x675.png\" alt=\"\" class=\"wp-image-8166\" srcset=\"https:\/\/corrientesdetarde.com\/wp-content\/uploads\/2022\/10\/Captura-de-pantalla-2022-10-03-131641-1024x675.png 1024w, https:\/\/corrientesdetarde.com\/wp-content\/uploads\/2022\/10\/Captura-de-pantalla-2022-10-03-131641-300x198.png 300w, https:\/\/corrientesdetarde.com\/wp-content\/uploads\/2022\/10\/Captura-de-pantalla-2022-10-03-131641-768x506.png 768w, https:\/\/corrientesdetarde.com\/wp-content\/uploads\/2022\/10\/Captura-de-pantalla-2022-10-03-131641.png 1257w\" sizes=\"auto, (max-width: 1024px) 100vw, 1024px\" \/><\/figure>\n\n\n\n<p><br><br>LA PE\u00d1A OFICIAL DE LA CIUDAD, UNA SANA COSTUMBRE<br>Con un escenario natural privilegiado como la ribera correntina, la Pe\u00f1a Oficial de la Ciudad, organizada por la Municipalidad de Corrientes, es un atractivo ya instalado en la agenda de cientos de vecinos y visitantes, que arman su itinerario de fin de semana incluyendo al evento musical y cultural.<br>\u201cPara nosotros ya es una tradici\u00f3n estar los domingos ac\u00e1 en el Paseo. Venimos a disfrutar de la m\u00fasica y a bailar\u201d, dijo Sandra al referirse a la velada denominada \u201cChamam\u00e9 del Encuentro\u201d.<br>En ese sentido, la vecina valor\u00f3 la propuesta: \u201cNos gusta que haya un espacio especialmente dedicado a nuestra cultura, es algo destacable por parte de la Municipalidad, sobre todo ahora que nos visitan muchos turistas; sin dudas que hace bien a la comunidad\u201d, resalt\u00f3.<br>Roberto fue otro de los vecinos que disfrut\u00f3 del espect\u00e1culo en el Paseo Arazaty y puso en relieve la chance de poder presenciar las presentaciones de numerosos artistas de trayectoria. \u201cVenimos a pasear y a disfrutar de buena m\u00fasica. El hecho de tener un lugar as\u00ed para nuestra cultura, nuestro chamam\u00e9, es muy bueno. Hoy hay much\u00edsima gente y eso reconforta\u201d, afirm\u00f3, al tiempo que agreg\u00f3 que \u201cpara nosotros se transform\u00f3 en una tradici\u00f3n, un paseo por la costanera, los mates y luego disfrutar de este espect\u00e1culo\u201d.<\/p>\n\n\n\n<figure class=\"wp-block-image size-large\"><img loading=\"lazy\" decoding=\"async\" width=\"1024\" height=\"673\" src=\"https:\/\/corrientesdetarde.com\/wp-content\/uploads\/2022\/10\/Captura-de-pantalla-2022-10-03-131609-1024x673.png\" alt=\"\" class=\"wp-image-8167\" srcset=\"https:\/\/corrientesdetarde.com\/wp-content\/uploads\/2022\/10\/Captura-de-pantalla-2022-10-03-131609-1024x673.png 1024w, https:\/\/corrientesdetarde.com\/wp-content\/uploads\/2022\/10\/Captura-de-pantalla-2022-10-03-131609-300x197.png 300w, https:\/\/corrientesdetarde.com\/wp-content\/uploads\/2022\/10\/Captura-de-pantalla-2022-10-03-131609-768x505.png 768w, https:\/\/corrientesdetarde.com\/wp-content\/uploads\/2022\/10\/Captura-de-pantalla-2022-10-03-131609.png 1243w\" sizes=\"auto, (max-width: 1024px) 100vw, 1024px\" \/><\/figure>\n\n\n\n<p><br><br>CORRIENTES, UN DESTINO CON M\u00daLTIPLES PROPUESTAS<br>La Municipalidad trabaja en el fortalecimiento de las propuestas para quienes elijan a la ciudad como destino. La cultura, la historia, las bellezas naturales y la multiplicidad de eventos hace de Corrientes una opci\u00f3n para los vecinos y turistas.<br>Al respecto, el secretario de Cultura y Educaci\u00f3n, Jos\u00e9 Sand, se refiri\u00f3 a las alternativas que ofrece la ciudad: \u201cCorrientes tom\u00f3 nuevamente la posta para ser una ciudad de encuentro y de eventos, posicion\u00e1ndose como un destino tur\u00edstico. Nos presentamos como una alternativa tanto para el verano, como para disfrutar cada fin de semana\u201d, afirm\u00f3.<br>\u201cVamos a seguir trabajando para fortalecer todas las propuestas. La historia, la naturaleza y nuestra cultura son opciones para los vecinos y quienes nos visiten\u201d, agreg\u00f3 el funcionario.<br>Sobre el encuentro chamamecero, en el marco de la Pe\u00f1a Oficial de la Ciudad, Sand valor\u00f3 que \u201ca las m\u00faltiples expresiones culturales y art\u00edsticas en los distintos espacios que generamos desde la Municipalidad, hoy -por el domingo- fue el turno para una edici\u00f3n especial de la Pe\u00f1a Oficial, con una jornada que denominamos \u2018Encuentro del Chamam\u00e9\u2019\u201d.<br>\u201cLa propuesta convoc\u00f3 a artistas de destacada trayectoria para el disfrute de las much\u00edsimas familias que se acercan cada fin de semana al Paseo Arazaty\u201d, recalc\u00f3 Sand, y en ese sentido agreg\u00f3 que \u201cla propuesta va m\u00e1s all\u00e1 de la m\u00fasica, porque los vecinos tienen la posibilidad de disfrutar del patio gastron\u00f3mico, de los estands de artesanos, siempre brindando un espacio de esparcimiento\u201d.<\/p>\n","protected":false},"excerpt":{"rendered":"<p>\u201cM\u00e1s que nunca, vamos a hacer fuerza por consolidar a Corrientes como una ciudad tur\u00edstica\u201d, ratific\u00f3 el intendente, quien en la noche de este domingo disfrut\u00f3, junto a cientos de&hellip; <\/p>\n","protected":false},"author":4,"featured_media":8163,"comment_status":"closed","ping_status":"open","sticky":false,"template":"","format":"standard","meta":{"footnotes":""},"categories":[17],"tags":[],"class_list":["post-8162","post","type-post","status-publish","format-standard","has-post-thumbnail","hentry","category-sociales"],"_links":{"self":[{"href":"https:\/\/corrientesdetarde.com\/index.php\/wp-json\/wp\/v2\/posts\/8162","targetHints":{"allow":["GET"]}}],"collection":[{"href":"https:\/\/corrientesdetarde.com\/index.php\/wp-json\/wp\/v2\/posts"}],"about":[{"href":"https:\/\/corrientesdetarde.com\/index.php\/wp-json\/wp\/v2\/types\/post"}],"author":[{"embeddable":true,"href":"https:\/\/corrientesdetarde.com\/index.php\/wp-json\/wp\/v2\/users\/4"}],"replies":[{"embeddable":true,"href":"https:\/\/corrientesdetarde.com\/index.php\/wp-json\/wp\/v2\/comments?post=8162"}],"version-history":[{"count":1,"href":"https:\/\/corrientesdetarde.com\/index.php\/wp-json\/wp\/v2\/posts\/8162\/revisions"}],"predecessor-version":[{"id":8168,"href":"https:\/\/corrientesdetarde.com\/index.php\/wp-json\/wp\/v2\/posts\/8162\/revisions\/8168"}],"wp:featuredmedia":[{"embeddable":true,"href":"https:\/\/corrientesdetarde.com\/index.php\/wp-json\/wp\/v2\/media\/8163"}],"wp:attachment":[{"href":"https:\/\/corrientesdetarde.com\/index.php\/wp-json\/wp\/v2\/media?parent=8162"}],"wp:term":[{"taxonomy":"category","embeddable":true,"href":"https:\/\/corrientesdetarde.com\/index.php\/wp-json\/wp\/v2\/categories?post=8162"},{"taxonomy":"post_tag","embeddable":true,"href":"https:\/\/corrientesdetarde.com\/index.php\/wp-json\/wp\/v2\/tags?post=8162"}],"curies":[{"name":"wp","href":"https:\/\/api.w.org\/{rel}","templated":true}]}}