{"id":8171,"date":"2022-10-03T13:37:42","date_gmt":"2022-10-03T16:37:42","guid":{"rendered":"https:\/\/corrientesdetarde.com\/?p=8171"},"modified":"2022-10-03T13:37:46","modified_gmt":"2022-10-03T16:37:46","slug":"presentacion-de-la-feria-del-libro-de-san-cosme","status":"publish","type":"post","link":"https:\/\/corrientesdetarde.com\/index.php\/cultura\/presentacion-de-la-feria-del-libro-de-san-cosme\/","title":{"rendered":"Presentaci\u00f3n de la Feria del Libro de San Cosme"},"content":{"rendered":"\n<p>Este martes 4 de octubre, a las 11, en el despacho del presidente del Instituto de Cultura de Corrientes, Gabriel Romero, se realizar\u00e1 la presentaci\u00f3n oficial de la Feria del Libro de San Cosme. Estar\u00e1n presentes autoridades municipales y de la comisi\u00f3n organizadora.&nbsp;&nbsp;&nbsp;<\/p>\n\n\n\n<p>Se trata de la 1\u00aa Feria Departamental del Libro de San Cosme, que se realiza del 13 al 15 de octubre en la plaza de la mencionada localidad.<\/p>\n\n\n\n<p>\u201cEl Instituto de Cultura junto al Municipio de San Cosme y el Ministerio de Cultura de la Naci\u00f3n, acompa\u00f1ar\u00e1n esta Feria del Libro que contar\u00e1 con la presencia de artesanos y el apoyo de la Sociedad Argentina de Escritores (Sade), a trav\u00e9s de un stand de escritores correntinos\u201d, destac\u00f3 el presidente del Instituto de Cultura.<\/p>\n\n\n\n<p>De esta manera, el Gobierno de Corrientes, a trav\u00e9s del Instituto de Cultura, ratifica su pol\u00edtica de apoyo a las ferias del libro municipales que se llevan adelante en distintos puntos de la provincia apuntando a promover la lectura y visibilizar a los autores locales.<\/p>\n","protected":false},"excerpt":{"rendered":"<p>Este martes 4 de octubre, a las 11, en el despacho del presidente del Instituto de Cultura de Corrientes, Gabriel Romero, se realizar\u00e1 la presentaci\u00f3n oficial de la Feria del&hellip; <\/p>\n","protected":false},"author":4,"featured_media":8174,"comment_status":"closed","ping_status":"open","sticky":false,"template":"","format":"standard","meta":{"footnotes":""},"categories":[15],"tags":[],"class_list":["post-8171","post","type-post","status-publish","format-standard","has-post-thumbnail","hentry","category-cultura"],"_links":{"self":[{"href":"https:\/\/corrientesdetarde.com\/index.php\/wp-json\/wp\/v2\/posts\/8171","targetHints":{"allow":["GET"]}}],"collection":[{"href":"https:\/\/corrientesdetarde.com\/index.php\/wp-json\/wp\/v2\/posts"}],"about":[{"href":"https:\/\/corrientesdetarde.com\/index.php\/wp-json\/wp\/v2\/types\/post"}],"author":[{"embeddable":true,"href":"https:\/\/corrientesdetarde.com\/index.php\/wp-json\/wp\/v2\/users\/4"}],"replies":[{"embeddable":true,"href":"https:\/\/corrientesdetarde.com\/index.php\/wp-json\/wp\/v2\/comments?post=8171"}],"version-history":[{"count":1,"href":"https:\/\/corrientesdetarde.com\/index.php\/wp-json\/wp\/v2\/posts\/8171\/revisions"}],"predecessor-version":[{"id":8175,"href":"https:\/\/corrientesdetarde.com\/index.php\/wp-json\/wp\/v2\/posts\/8171\/revisions\/8175"}],"wp:featuredmedia":[{"embeddable":true,"href":"https:\/\/corrientesdetarde.com\/index.php\/wp-json\/wp\/v2\/media\/8174"}],"wp:attachment":[{"href":"https:\/\/corrientesdetarde.com\/index.php\/wp-json\/wp\/v2\/media?parent=8171"}],"wp:term":[{"taxonomy":"category","embeddable":true,"href":"https:\/\/corrientesdetarde.com\/index.php\/wp-json\/wp\/v2\/categories?post=8171"},{"taxonomy":"post_tag","embeddable":true,"href":"https:\/\/corrientesdetarde.com\/index.php\/wp-json\/wp\/v2\/tags?post=8171"}],"curies":[{"name":"wp","href":"https:\/\/api.w.org\/{rel}","templated":true}]}}